{"id":237029,"date":"2021-06-08T10:05:44","date_gmt":"2021-06-08T07:05:44","guid":{"rendered":"http:\/\/107.6.182.27\/tr\/?p=237029"},"modified":"2021-06-08T16:50:24","modified_gmt":"2021-06-08T13:50:24","slug":"sayin-esma-el-esad-cocuklar-icin-kan-kok-hucre-nakli-ve-hucresel-tedavi-icin-ilk-merkezi-ziyaret-ediyor","status":"publish","type":"post","link":"https:\/\/archive.sana.sy\/tr\/?p=237029","title":{"rendered":"Say\u0131n Esma el Esad, \u00e7ocuklar i\u00e7in kan k\u00f6k h\u00fccre nakli ve h\u00fccresel tedavi i\u00e7in ilk merkezi ziyaret ediyor"},"content":{"rendered":"<p>Say\u0131n Esma el Esad, \u00e7ocuklar i\u00e7in kan k\u00f6k h\u00fccre nakli ve h\u00fccresel tedavi i\u00e7in ilk merkezi ziyaret ediyor<\/p>\n<p><iframe loading=\"lazy\" title=\"YouTube video player\" src=\"https:\/\/www.youtube.com\/embed\/ufsQ_v6q-Kc\" width=\"620\" height=\"347\" frameborder=\"0\" allowfullscreen=\"allowfullscreen\"><\/iframe><\/p>\n","protected":false},"excerpt":{"rendered":"<p>Say\u0131n Esma el Esad, \u00e7ocuklar i\u00e7in kan k\u00f6k h\u00fccre nakli ve h\u00fccresel tedavi i\u00e7in ilk merkezi ziyaret ediyor<\/p>\n","protected":false},"author":1,"featured_media":237031,"comment_status":"closed","ping_status":"closed","sticky":false,"template":"","format":"standard","meta":{"footnotes":""},"categories":[18295],"tags":[],"class_list":["post-237029","post","type-post","status-publish","format-standard","has-post-thumbnail","","category-sana-video"],"_links":{"self":[{"href":"https:\/\/archive.sana.sy\/tr\/index.php?rest_route=\/wp\/v2\/posts\/237029","targetHints":{"allow":["GET"]}}],"collection":[{"href":"https:\/\/archive.sana.sy\/tr\/index.php?rest_route=\/wp\/v2\/posts"}],"about":[{"href":"https:\/\/archive.sana.sy\/tr\/index.php?rest_route=\/wp\/v2\/types\/post"}],"author":[{"embeddable":true,"href":"https:\/\/archive.sana.sy\/tr\/index.php?rest_route=\/wp\/v2\/users\/1"}],"replies":[{"embeddable":true,"href":"https:\/\/archive.sana.sy\/tr\/index.php?rest_route=%2Fwp%2Fv2%2Fcomments&post=237029"}],"version-history":[{"count":0,"href":"https:\/\/archive.sana.sy\/tr\/index.php?rest_route=\/wp\/v2\/posts\/237029\/revisions"}],"wp:featuredmedia":[{"embeddable":true,"href":"https:\/\/archive.sana.sy\/tr\/index.php?rest_route=\/wp\/v2\/media\/237031"}],"wp:attachment":[{"href":"https:\/\/archive.sana.sy\/tr\/index.php?rest_route=%2Fwp%2Fv2%2Fmedia&parent=237029"}],"wp:term":[{"taxonomy":"category","embeddable":true,"href":"https:\/\/archive.sana.sy\/tr\/index.php?rest_route=%2Fwp%2Fv2%2Fcategories&post=237029"},{"taxonomy":"post_tag","embeddable":true,"href":"https:\/\/archive.sana.sy\/tr\/index.php?rest_route=%2Fwp%2Fv2%2Ftags&post=237029"}],"curies":[{"name":"wp","href":"https:\/\/api.w.org\/{rel}","templated":true}]}}