{"id":23706,"date":"2015-02-11T14:43:09","date_gmt":"2015-02-11T12:43:09","guid":{"rendered":"http:\/\/www.sana.sy\/tr\/?p=23706"},"modified":"2015-02-11T14:43:09","modified_gmt":"2015-02-11T12:43:09","slug":"buyuk-ulusal-uzlasma-suriyelilerin-kaderidir","status":"publish","type":"post","link":"https:\/\/archive.sana.sy\/tr\/?p=23706","title":{"rendered":"B\u00fcy\u00fck Ulusal Uzla\u015fma Suriyelilerin Kaderidir"},"content":{"rendered":"<p>\u015eAM \u2013 Ulusal Uzla\u015fma \u0130\u015flerinden Sorumlu Devlet Bakan\u0131 Ali Haydar b\u00fcy\u00fck ulusal uzla\u015fman\u0131n Suriyelilerin kaderi oldu\u011funu, mevcut krizden \u00e7\u0131kmalar\u0131 i\u00e7in ba\u015fka se\u00e7ene\u011fin olmad\u0131\u011f\u0131 belirtti.<\/p>\n<p>SANA ile \u00f6zel m\u00fclakat\u0131nda Haydar; b\u00fcy\u00fck ulusal uzla\u015fman\u0131n, Suriye y\u00f6netiminin krizi \u00e7\u00f6zme \u00e7abalar\u0131nda ana man\u015fet ve vizyonunun temelini olu\u015fturdu\u011funu ifade etti.<\/p>\n<p>Haydar krizin \u00e7\u00f6z\u00fcm\u00fcnde siyasi \u00e7abalara e\u015f zamanl\u0131 olarak sosyal ve ekonomik eksenlerde \u00e7abalar\u0131n \u00f6nemine vurgu yapt\u0131.<\/p>\n<p>Lokal ulusal uzla\u015fmalar\u0131n yurt genelinde yay\u0131lmakta oldu\u011funa dikkat \u00e7eken Haydar; sonu\u00e7 itibar\u0131yla b\u00fcy\u00fck ulusal uzla\u015fmaya g\u00fc\u00e7l\u00fc ve sa\u011flam bir zemin haz\u0131rlama \u00e7abalar\u0131na \u0131\u015f\u0131k tuttu. Haydar bir\u00e7ok b\u00f6lgede yerel uzla\u015fmalar\u0131n o b\u00f6lgelerde bulunan ter\u00f6rist gruplara ba\u011fl\u0131 oldu\u011funu ifade ederken, bir\u00e7ok b\u00f6lgede mevcut yabanc\u0131 ter\u00f6ristlerin bu \u00e7abalar\u0131 engellemek i\u00e7in her yola ba\u015fvurduklar\u0131n\u0131 belirtti.<\/p>\n<p>Ulusal uzla\u015fma dosyas\u0131na ba\u011fl\u0131 olarak bir\u00e7ok dosya ve meseleye \u0131\u015f\u0131k tutan Haydar; tehcir edilen ailelerin evlerine d\u00f6nmeleri, ter\u00f6r eylemlerinin yol a\u00e7t\u0131\u011f\u0131 y\u0131k\u0131m ve sabotaj\u0131 onarma, altyap\u0131 ve hizmet \u015febekelerinin temini, temel ihtiya\u00e7lar\u0131n kar\u015f\u0131lanmas\u0131 gibi konulara dikkat \u00e7ekti.<\/p>\n<p>Bakan Haydar bir\u00e7ok b\u00f6lgede yerel uzla\u015fma \u00e7al\u0131\u015fmalar\u0131n\u0131n tamamlanmak \u00fczere oldu\u011funu a\u00e7\u0131klarken, bu \u00e7abalarda sivil toplum ve halk faaliyetlerinin devlet kurumlar\u0131yla i\u015fbirli\u011fi i\u00e7inde oynad\u0131klar\u0131 rol\u00fcn takdire \u015fayan oldu\u011funu vurgulad\u0131.<\/p>\n<p>Haydar silahlar\u0131yla teslim olan ve genel af yasas\u0131ndan faydalananlar\u0131n say\u0131s\u0131ndaki art\u0131\u015fa dikkat \u00e7ekti. Bu ba\u011flamda her \u015feye ra\u011fmen genel af yasas\u0131n\u0131n ki\u015fisel hak ve hukuklar\u0131 kapsamad\u0131\u011f\u0131na \u0131\u015f\u0131k tutarken, ter\u00f6r eylemleri sonucunda kurban gidenlerin ailelerinin genel aftan faydalanan ve serbest b\u0131rak\u0131lanlara kar\u015f\u0131 dava a\u00e7ma hakk\u0131na sahip olduklar\u0131n\u0131 belirtti.<\/p>\n<p>Ka\u00e7\u0131r\u0131lan vatanda\u015flar\u0131n dosyas\u0131 konusunda ise Haydar; \u201cbu meselede sorun \u015fu ki; hi\u00e7bir ahlaki yada insani de\u011fere sayg\u0131s\u0131 olmayan taraflarla muhatap olunmas\u0131d\u0131r..\u201d ifadesini kulland\u0131.<\/p>\n<p>Bakan Haydar; \u00f6zellikle \u00e7ocuk ve kad\u0131nlar olmak \u00fczere ka\u00e7\u0131r\u0131lm\u0131\u015f vatanda\u015flar\u0131n serbest b\u0131rak\u0131lmas\u0131 amac\u0131yla baz\u0131 zamanlarda ter\u00f6rist gruplarla anla\u015fmalara var\u0131ld\u0131\u011f\u0131n\u0131 s\u00f6yledi. Haydar bu gibi durumlarda \u00e7ocuk ve kad\u0131nlar\u0131n serbest b\u0131rak\u0131lmalar\u0131 amac\u0131yla ellerini kana bulamad\u0131klar\u0131 tespit edilen tutuklular\u0131n serbest b\u0131rak\u0131ld\u0131\u011f\u0131n\u0131 a\u00e7\u0131klad\u0131.<\/p>\n<p>A.A.<\/p>\n","protected":false},"excerpt":{"rendered":"<p>\u015eAM \u2013 Ulusal Uzla\u015fma \u0130\u015flerinden Sorumlu Devlet Bakan\u0131 Ali Haydar b\u00fcy\u00fck ulusal uzla\u015fman\u0131n Suriyelilerin kaderi oldu\u011funu, mevcut krizden \u00e7\u0131kmalar\u0131 i\u00e7in ba\u015fka se\u00e7ene\u011fin olmad\u0131\u011f\u0131 belirtti. SANA ile \u00f6zel m\u00fclakat\u0131nda Haydar; b\u00fcy\u00fck ulusal uzla\u015fman\u0131n, Suriye y\u00f6netiminin krizi \u00e7\u00f6zme \u00e7abalar\u0131nda ana man\u015fet ve vizyonunun temelini olu\u015fturdu\u011funu ifade etti. Haydar krizin \u00e7\u00f6z\u00fcm\u00fcnde siyasi \u00e7abalara e\u015f zamanl\u0131 olarak sosyal ve &hellip;<\/p>\n","protected":false},"author":1,"featured_media":23707,"comment_status":"closed","ping_status":"closed","sticky":false,"template":"","format":"standard","meta":{"footnotes":""},"categories":[479,478],"tags":[11438,11439],"class_list":["post-23706","post","type-post","status-publish","format-standard","has-post-thumbnail","","category-haberler-yerel","category-yerel","tag-buyuk-ulusal-uzlasma-suriyelilerin-kaderidir-sam-ulusal-uzlasma-islerinden-sorumlu-devlet-bakani-ali-haydar-buyuk-ulusal-uzlasmanin-suriyelilerin-kaderi-oldugunu","tag-mevcut-krizden-cikmalari-icin-baska-secenegin-olmadigi-belirtti"],"_links":{"self":[{"href":"https:\/\/archive.sana.sy\/tr\/index.php?rest_route=\/wp\/v2\/posts\/23706","targetHints":{"allow":["GET"]}}],"collection":[{"href":"https:\/\/archive.sana.sy\/tr\/index.php?rest_route=\/wp\/v2\/posts"}],"about":[{"href":"https:\/\/archive.sana.sy\/tr\/index.php?rest_route=\/wp\/v2\/types\/post"}],"author":[{"embeddable":true,"href":"https:\/\/archive.sana.sy\/tr\/index.php?rest_route=\/wp\/v2\/users\/1"}],"replies":[{"embeddable":true,"href":"https:\/\/archive.sana.sy\/tr\/index.php?rest_route=%2Fwp%2Fv2%2Fcomments&post=23706"}],"version-history":[{"count":0,"href":"https:\/\/archive.sana.sy\/tr\/index.php?rest_route=\/wp\/v2\/posts\/23706\/revisions"}],"wp:featuredmedia":[{"embeddable":true,"href":"https:\/\/archive.sana.sy\/tr\/index.php?rest_route=\/wp\/v2\/media\/23707"}],"wp:attachment":[{"href":"https:\/\/archive.sana.sy\/tr\/index.php?rest_route=%2Fwp%2Fv2%2Fmedia&parent=23706"}],"wp:term":[{"taxonomy":"category","embeddable":true,"href":"https:\/\/archive.sana.sy\/tr\/index.php?rest_route=%2Fwp%2Fv2%2Fcategories&post=23706"},{"taxonomy":"post_tag","embeddable":true,"href":"https:\/\/archive.sana.sy\/tr\/index.php?rest_route=%2Fwp%2Fv2%2Ftags&post=23706"}],"curies":[{"name":"wp","href":"https:\/\/api.w.org\/{rel}","templated":true}]}}