{"id":237156,"date":"2021-06-10T16:14:23","date_gmt":"2021-06-10T13:14:23","guid":{"rendered":"http:\/\/107.6.182.27\/tr\/?p=237156"},"modified":"2021-06-12T08:32:12","modified_gmt":"2021-06-12T05:32:12","slug":"teror-orgutleri-idlib-kirsalindaki-kurtarilan-serakib-ve-kfarnabil-kentlerini-hedef-aldi","status":"publish","type":"post","link":"https:\/\/archive.sana.sy\/tr\/?p=237156","title":{"rendered":"Ter\u00f6r \u00d6rg\u00fctleri \u0130dlib K\u0131rsal\u0131ndaki Kurtar\u0131lan Serakib ve Kfarnabil Kentlerini Hedef Ald\u0131"},"content":{"rendered":"<p>\u0130DL\u0130B \u2013 Ter\u00f6r \u00f6rg\u00fctleri bug\u00fcn \u0130dlin k\u0131rsal\u0131ndaki kurtar\u0131lan Serakib ve Kfarnabil kentlerini mermilerle hedef ald\u0131.<\/p>\n<p>SANA muhabiri; \u201cel Nusra Cephesi\u201d ter\u00f6r \u00f6rg\u00fct\u00fcn\u00fcn liderli\u011fi alt\u0131nda olan ter\u00f6r gruplar\u0131n\u0131n \u0130dlib k\u0131rsal\u0131nda yer alan kurtar\u0131lan Serakib ve Kfarnabil kentlerine top ve f\u00fcze at\u0131\u015flar\u0131 ile sald\u0131rd\u0131klar\u0131n\u0131 belirtti. Muhabir, sald\u0131r\u0131 sonucunda sivil yerle\u015fim alanlarda ve \u00f6zel m\u00fclklerde maddi hasarlara yol a\u00e7\u0131ld\u0131\u011f\u0131n\u0131 ekledi.<\/p>\n<p>P.M.<\/p>\n","protected":false},"excerpt":{"rendered":"<p>\u0130DL\u0130B \u2013 Ter\u00f6r \u00f6rg\u00fctleri bug\u00fcn \u0130dlin k\u0131rsal\u0131ndaki kurtar\u0131lan Serakib ve Kfarnabil kentlerini mermilerle hedef ald\u0131. SANA muhabiri; \u201cel Nusra Cephesi\u201d ter\u00f6r \u00f6rg\u00fct\u00fcn\u00fcn liderli\u011fi alt\u0131nda olan ter\u00f6r gruplar\u0131n\u0131n \u0130dlib k\u0131rsal\u0131nda yer alan kurtar\u0131lan Serakib ve Kfarnabil kentlerine top ve f\u00fcze at\u0131\u015flar\u0131 ile sald\u0131rd\u0131klar\u0131n\u0131 belirtti. Muhabir, sald\u0131r\u0131 sonucunda sivil yerle\u015fim alanlarda ve \u00f6zel m\u00fclklerde maddi hasarlara yol &hellip;<\/p>\n","protected":false},"author":1,"featured_media":237159,"comment_status":"closed","ping_status":"closed","sticky":false,"template":"","format":"standard","meta":{"footnotes":""},"categories":[479,575,17988,478],"tags":[],"class_list":["post-237156","post","type-post","status-publish","format-standard","has-post-thumbnail","","category-haberler-yerel","category-olaylar-ve-gercekler","category-son-haberler","category-yerel"],"_links":{"self":[{"href":"https:\/\/archive.sana.sy\/tr\/index.php?rest_route=\/wp\/v2\/posts\/237156","targetHints":{"allow":["GET"]}}],"collection":[{"href":"https:\/\/archive.sana.sy\/tr\/index.php?rest_route=\/wp\/v2\/posts"}],"about":[{"href":"https:\/\/archive.sana.sy\/tr\/index.php?rest_route=\/wp\/v2\/types\/post"}],"author":[{"embeddable":true,"href":"https:\/\/archive.sana.sy\/tr\/index.php?rest_route=\/wp\/v2\/users\/1"}],"replies":[{"embeddable":true,"href":"https:\/\/archive.sana.sy\/tr\/index.php?rest_route=%2Fwp%2Fv2%2Fcomments&post=237156"}],"version-history":[{"count":0,"href":"https:\/\/archive.sana.sy\/tr\/index.php?rest_route=\/wp\/v2\/posts\/237156\/revisions"}],"wp:featuredmedia":[{"embeddable":true,"href":"https:\/\/archive.sana.sy\/tr\/index.php?rest_route=\/wp\/v2\/media\/237159"}],"wp:attachment":[{"href":"https:\/\/archive.sana.sy\/tr\/index.php?rest_route=%2Fwp%2Fv2%2Fmedia&parent=237156"}],"wp:term":[{"taxonomy":"category","embeddable":true,"href":"https:\/\/archive.sana.sy\/tr\/index.php?rest_route=%2Fwp%2Fv2%2Fcategories&post=237156"},{"taxonomy":"post_tag","embeddable":true,"href":"https:\/\/archive.sana.sy\/tr\/index.php?rest_route=%2Fwp%2Fv2%2Ftags&post=237156"}],"curies":[{"name":"wp","href":"https:\/\/api.w.org\/{rel}","templated":true}]}}