{"id":237162,"date":"2021-06-10T17:45:24","date_gmt":"2021-06-10T14:45:24","guid":{"rendered":"http:\/\/107.6.182.27\/tr\/?p=237162"},"modified":"2021-06-12T08:32:18","modified_gmt":"2021-06-12T05:32:18","slug":"buyukelci-khaddour-suriye-her-kosulda-uluslararasi-atom-enerjisi-ajansi-ile-isbirligi-yapti","status":"publish","type":"post","link":"https:\/\/archive.sana.sy\/tr\/?p=237162","title":{"rendered":"B\u00fcy\u00fckel\u00e7i Haddur: Suriye Her Ko\u015fulda Uluslararas\u0131 Atom Enerjisi Ajans\u0131 \u0130le \u0130\u015fbirli\u011fi Yapt\u0131"},"content":{"rendered":"<p>V\u0130YANA \u2013 Suriye&#8217;nin Uluslararas\u0131 Atom Enerjisi Ajans\u0131 daimi temsilcisi B\u00fcy\u00fckel\u00e7i Hassan Haddur, Suriye&#8217;nin Uluslararas\u0131 Atom Enerjisi Ajans\u0131 ile i\u015fbirli\u011fini ifade etti\u011fini ve Kapsaml\u0131 Koruma Anla\u015fmas\u0131 ve N\u00fckleer Silahlar\u0131n Yay\u0131lmas\u0131n\u0131 \u00d6nleme Anla\u015fmas\u0131 kapsam\u0131ndaki yasal y\u00fck\u00fcml\u00fcl\u00fcklerini yerine getirmekte gecikmedi\u011fini ve t\u00fcm istekler zaman\u0131nda yerine getirdi\u011fini teyit etti.<\/p>\n<p>Haddur, Uluslararas\u0131 Atom Enerjisi Ajans\u0131 taraf\u0131ndan Viyana&#8217;da Suriye&#8217;nin kat\u0131l\u0131m\u0131yla ger\u00e7ekle\u015ftirilen Guvern\u00f6rler Kurulu&#8217;nun mevcut oturumunda yapt\u0131\u011f\u0131 konu\u015fmada; \u201cSuriye \u00e7evresinde tan\u0131nm\u0131\u015f taraflar\u0131n izledi\u011fi kafa kar\u0131\u015f\u0131kl\u0131\u011f\u0131 yolu g\u00fcl\u00fcn\u00e7. Tan\u0131nm\u0131\u015f taraflar\u0131n sald\u0131rgan ve ba\u015far\u0131s\u0131z politikalar\u0131 sonucunda ya\u015fad\u0131\u011f\u0131 t\u00fcm zor ko\u015fullara ra\u011fmen, Koruma \u00d6nlemleri Anla\u015fmas\u0131 kapsam\u0131nda kendilerinden beklenen t\u00fcm uluslararas\u0131 y\u00fck\u00fcml\u00fcl\u00fckleri yerine getirmeyi ba\u015fard\u0131\u201d dedi.<\/p>\n<p>B\u00fcy\u00fckel\u00e7i Haddur, \u0130srail&#8217;in n\u00fckleer yetenekleriyle birlikte N\u00fckleer Silahlar\u0131n Yay\u0131lmas\u0131n\u0131 \u00d6nleme Anla\u015fmas\u0131 ve Ajans ile imzalanan kapsaml\u0131 g\u00fcvenlik \u00f6nlemleri anla\u015fmas\u0131n\u0131n d\u0131\u015f\u0131nda varl\u0131\u011f\u0131n\u0131 s\u00fcrd\u00fcrmesinin, n\u00fckleer silahlar\u0131n yay\u0131lmas\u0131n\u0131 \u00f6nleme rejimi i\u00e7in ciddi bir tehlike olu\u015fturdu\u011funa dikkat \u00e7ekti.<\/p>\n<p>B\u00fcy\u00fckel\u00e7i Haddur, \u0130ran ile uluslararas\u0131 toplum aras\u0131ndaki ortak eylem plan\u0131n\u0131 tam olarak restore etmeyi ama\u00e7layan Viyana g\u00f6r\u00fc\u015fmelerinde h\u00fck\u00fcm s\u00fcren olumlu atmosferi memnuniyetle kar\u015f\u0131lad\u0131.<\/p>\n<p>Bu ba\u011flamda Haddur, \u0130ran&#8217;\u0131n yeniden \u00fczerinde anla\u015fmaya var\u0131ld\u0131\u011f\u0131ndan beri plan\u0131 uygulama kararl\u0131l\u0131\u011f\u0131na dikkat \u00e7ekerek, ABD&#8217;nin plandan tek tarafl\u0131 olarak ve hi\u00e7bir me\u015fru gerek\u00e7e olmaks\u0131z\u0131n \u00e7ekilmesinin G\u00fcvenlik Konseyi&#8217;nin 2231 say\u0131l\u0131 karar\u0131n\u0131n a\u00e7\u0131k bir ihlali oldu\u011funu hat\u0131rlatt\u0131.<\/p>\n<p>Haddur, Kapsaml\u0131 Ortak Eylem Plan\u0131&#8217;n\u0131n kapsaml\u0131 bir \u015fekilde uygulanmas\u0131n\u0131n yaln\u0131zca \u0130ran&#8217;a ba\u011fl\u0131 olmad\u0131\u011f\u0131n\u0131, di\u011fer t\u00fcm taraflar\u0131n y\u00fck\u00fcml\u00fcl\u00fcklerinin yerine getirilmesiyle e\u015fle\u015fmesi gerekti\u011fini vurgulad\u0131.<\/p>\n<p>B\u00fcy\u00fckel\u00e7i Haddur ayr\u0131ca, ajans ile \u0130ran aras\u0131ndaki ortak i\u015fbirli\u011finin mutab\u0131k kal\u0131nan prosed\u00fcrlere uygun olarak s\u00fcrd\u00fcr\u00fclmesinin, iki taraf\u0131n taahh\u00fctlerinin tam ve etkin bir \u015fekilde uygulanmas\u0131n\u0131 kolayla\u015ft\u0131rd\u0131\u011f\u0131n\u0131 ve kolayla\u015ft\u0131rd\u0131\u011f\u0131n\u0131 belirtirken, Ajans\u0131n kendisine verilen g\u00f6revleri tam tarafs\u0131zl\u0131k, ba\u011f\u0131ms\u0131zl\u0131k, nesnellik ve profesyonellik ile yerine getirmeye devam etmesi ve egemen \u00fclkeleri hedef alan siyasi g\u00fcndemleri uygulamaya y\u00f6nelik d\u0131\u015f bask\u0131lara kurban gitmemesi konusundaki arzusunu dile getirdi.<\/p>\n<p>P.M.<\/p>\n","protected":false},"excerpt":{"rendered":"<p>V\u0130YANA \u2013 Suriye&#8217;nin Uluslararas\u0131 Atom Enerjisi Ajans\u0131 daimi temsilcisi B\u00fcy\u00fckel\u00e7i Hassan Haddur, Suriye&#8217;nin Uluslararas\u0131 Atom Enerjisi Ajans\u0131 ile i\u015fbirli\u011fini ifade etti\u011fini ve Kapsaml\u0131 Koruma Anla\u015fmas\u0131 ve N\u00fckleer Silahlar\u0131n Yay\u0131lmas\u0131n\u0131 \u00d6nleme Anla\u015fmas\u0131 kapsam\u0131ndaki yasal y\u00fck\u00fcml\u00fcl\u00fcklerini yerine getirmekte gecikmedi\u011fini ve t\u00fcm istekler zaman\u0131nda yerine getirdi\u011fini teyit etti. Haddur, Uluslararas\u0131 Atom Enerjisi Ajans\u0131 taraf\u0131ndan Viyana&#8217;da Suriye&#8217;nin kat\u0131l\u0131m\u0131yla ger\u00e7ekle\u015ftirilen &hellip;<\/p>\n","protected":false},"author":1,"featured_media":237163,"comment_status":"closed","ping_status":"closed","sticky":false,"template":"","format":"standard","meta":{"footnotes":""},"categories":[458,459,17988],"tags":[],"class_list":["post-237162","post","type-post","status-publish","format-standard","has-post-thumbnail","","category-dunya1","category-haberler-arap-uluslararasi-politika","category-son-haberler"],"_links":{"self":[{"href":"https:\/\/archive.sana.sy\/tr\/index.php?rest_route=\/wp\/v2\/posts\/237162","targetHints":{"allow":["GET"]}}],"collection":[{"href":"https:\/\/archive.sana.sy\/tr\/index.php?rest_route=\/wp\/v2\/posts"}],"about":[{"href":"https:\/\/archive.sana.sy\/tr\/index.php?rest_route=\/wp\/v2\/types\/post"}],"author":[{"embeddable":true,"href":"https:\/\/archive.sana.sy\/tr\/index.php?rest_route=\/wp\/v2\/users\/1"}],"replies":[{"embeddable":true,"href":"https:\/\/archive.sana.sy\/tr\/index.php?rest_route=%2Fwp%2Fv2%2Fcomments&post=237162"}],"version-history":[{"count":0,"href":"https:\/\/archive.sana.sy\/tr\/index.php?rest_route=\/wp\/v2\/posts\/237162\/revisions"}],"wp:featuredmedia":[{"embeddable":true,"href":"https:\/\/archive.sana.sy\/tr\/index.php?rest_route=\/wp\/v2\/media\/237163"}],"wp:attachment":[{"href":"https:\/\/archive.sana.sy\/tr\/index.php?rest_route=%2Fwp%2Fv2%2Fmedia&parent=237162"}],"wp:term":[{"taxonomy":"category","embeddable":true,"href":"https:\/\/archive.sana.sy\/tr\/index.php?rest_route=%2Fwp%2Fv2%2Fcategories&post=237162"},{"taxonomy":"post_tag","embeddable":true,"href":"https:\/\/archive.sana.sy\/tr\/index.php?rest_route=%2Fwp%2Fv2%2Ftags&post=237162"}],"curies":[{"name":"wp","href":"https:\/\/api.w.org\/{rel}","templated":true}]}}