{"id":237425,"date":"2021-06-13T08:54:30","date_gmt":"2021-06-13T05:54:30","guid":{"rendered":"http:\/\/107.6.182.27\/tr\/?p=237425"},"modified":"2021-06-14T13:28:25","modified_gmt":"2021-06-14T10:28:25","slug":"tedmur-kirsalinda-bir-mayin-patladi-2-vatandas-sehit-dustu-1-vatandas-yaralandi","status":"publish","type":"post","link":"https:\/\/archive.sana.sy\/tr\/?p=237425","title":{"rendered":"Tedmur K\u0131rsal\u0131nda Bir May\u0131n Patlad\u0131, 2 Vatanda\u015f \u015eehit D\u00fc\u015ft\u00fc, 1 Vatanda\u015f Yaraland\u0131"},"content":{"rendered":"<p>TEDMUR \u2013 Tedmur k\u0131rsal\u0131n\u0131n kuzeyinde yer alan Cebel Ebu Recmeyn b\u00f6lgesinde, I\u015e\u0130D ter\u00f6r gruplar\u0131ndan kalan bir may\u0131n\u0131n patlamas\u0131 sonucunda 2 vatanda\u015f \u015fehit d\u00fc\u015ft\u00fc, 1 vatanda\u015f da yaraland\u0131.<\/p>\n<p>Tedmur Ulusal Hastane M\u00fcd\u00fcr\u00fc Velid Ude SANA muhabirine yapt\u0131\u011f\u0131 a\u00e7\u0131klamada, Tedmur Ulusal Hastanesi personelinin, Homs \u015fehrindeki bir hastaneye sevk edilmeden \u00f6nce, may\u0131n patlamas\u0131 sonucu g\u00f6\u011f\u00fcste derin yaralar ve \u00e7e\u015fitli k\u0131r\u0131klar meydana gelen yaral\u0131lar i\u00e7in gerekli ilk yard\u0131m\u0131 sa\u011flad\u0131\u011f\u0131n\u0131 belirtti.<\/p>\n","protected":false},"excerpt":{"rendered":"<p>TEDMUR \u2013 Tedmur k\u0131rsal\u0131n\u0131n kuzeyinde yer alan Cebel Ebu Recmeyn b\u00f6lgesinde, I\u015e\u0130D ter\u00f6r gruplar\u0131ndan kalan bir may\u0131n\u0131n patlamas\u0131 sonucunda 2 vatanda\u015f \u015fehit d\u00fc\u015ft\u00fc, 1 vatanda\u015f da yaraland\u0131. Tedmur Ulusal Hastane M\u00fcd\u00fcr\u00fc Velid Ude SANA muhabirine yapt\u0131\u011f\u0131 a\u00e7\u0131klamada, Tedmur Ulusal Hastanesi personelinin, Homs \u015fehrindeki bir hastaneye sevk edilmeden \u00f6nce, may\u0131n patlamas\u0131 sonucu g\u00f6\u011f\u00fcste derin yaralar ve &hellip;<\/p>\n","protected":false},"author":36,"featured_media":237426,"comment_status":"closed","ping_status":"closed","sticky":false,"template":"","format":"standard","meta":{"footnotes":""},"categories":[479,575,17988,478],"tags":[],"class_list":["post-237425","post","type-post","status-publish","format-standard","has-post-thumbnail","","category-haberler-yerel","category-olaylar-ve-gercekler","category-son-haberler","category-yerel"],"_links":{"self":[{"href":"https:\/\/archive.sana.sy\/tr\/index.php?rest_route=\/wp\/v2\/posts\/237425","targetHints":{"allow":["GET"]}}],"collection":[{"href":"https:\/\/archive.sana.sy\/tr\/index.php?rest_route=\/wp\/v2\/posts"}],"about":[{"href":"https:\/\/archive.sana.sy\/tr\/index.php?rest_route=\/wp\/v2\/types\/post"}],"author":[{"embeddable":true,"href":"https:\/\/archive.sana.sy\/tr\/index.php?rest_route=\/wp\/v2\/users\/36"}],"replies":[{"embeddable":true,"href":"https:\/\/archive.sana.sy\/tr\/index.php?rest_route=%2Fwp%2Fv2%2Fcomments&post=237425"}],"version-history":[{"count":0,"href":"https:\/\/archive.sana.sy\/tr\/index.php?rest_route=\/wp\/v2\/posts\/237425\/revisions"}],"wp:featuredmedia":[{"embeddable":true,"href":"https:\/\/archive.sana.sy\/tr\/index.php?rest_route=\/wp\/v2\/media\/237426"}],"wp:attachment":[{"href":"https:\/\/archive.sana.sy\/tr\/index.php?rest_route=%2Fwp%2Fv2%2Fmedia&parent=237425"}],"wp:term":[{"taxonomy":"category","embeddable":true,"href":"https:\/\/archive.sana.sy\/tr\/index.php?rest_route=%2Fwp%2Fv2%2Fcategories&post=237425"},{"taxonomy":"post_tag","embeddable":true,"href":"https:\/\/archive.sana.sy\/tr\/index.php?rest_route=%2Fwp%2Fv2%2Ftags&post=237425"}],"curies":[{"name":"wp","href":"https:\/\/api.w.org\/{rel}","templated":true}]}}