{"id":237464,"date":"2021-06-14T13:34:37","date_gmt":"2021-06-14T10:34:37","guid":{"rendered":"http:\/\/107.6.182.27\/tr\/?p=237464"},"modified":"2021-06-15T17:10:13","modified_gmt":"2021-06-15T14:10:13","slug":"el-babda-bombali-eylem-turk-isgalinin-kiralik-teroristleri-arasinda-isabetler","status":"publish","type":"post","link":"https:\/\/archive.sana.sy\/tr\/?p=237464","title":{"rendered":"El Bab&#8217;da Bombal\u0131 Eylem.. T\u00fcrk \u0130\u015fgalinin Kiral\u0131k Ter\u00f6ristleri Aras\u0131nda \u0130sabetler.."},"content":{"rendered":"<p>HALEP \u2013 Halep k\u0131rsal\u0131n\u0131n kuzeydo\u011fusunda yer alan i\u015fgal alt\u0131ndaki el Bab kentinde bomba d\u00fczene\u011fi patlamas\u0131 sonucunda bir sivil yaraland\u0131 ve T\u00fcrk i\u015fgalinin ter\u00f6r \u00f6rg\u00fctlerinden olu\u015fan kiral\u0131k ter\u00f6ristlerinden birka\u00e7\u0131 isabet edildi.<\/p>\n<p>Yerel kaynaklar SANA muhabirine; el Bab kentindeki el \u0130hasan Camii\u2019nin yan\u0131nda park edilen bir arabaya y\u00fckl\u00fc bomba d\u00fczene\u011finin patlad\u0131\u011f\u0131n\u0131 ve bunun sonucunda bir sivilin yaraland\u0131\u011f\u0131n\u0131 ve T\u00fcrk i\u015fgalinin kiral\u0131k ter\u00f6ristlerinden birka\u00e7\u0131n\u0131n isabet edildi\u011fini belirtti.<\/p>\n<p>Kaynaklar, patlama sonucunda olay yerinde maddi hasarlara yol a\u00e7\u0131ld\u0131\u011f\u0131n\u0131 s\u00f6zlerine ekledi.<\/p>\n<p>&nbsp;<\/p>\n","protected":false},"excerpt":{"rendered":"<p>HALEP \u2013 Halep k\u0131rsal\u0131n\u0131n kuzeydo\u011fusunda yer alan i\u015fgal alt\u0131ndaki el Bab kentinde bomba d\u00fczene\u011fi patlamas\u0131 sonucunda bir sivil yaraland\u0131 ve T\u00fcrk i\u015fgalinin ter\u00f6r \u00f6rg\u00fctlerinden olu\u015fan kiral\u0131k ter\u00f6ristlerinden birka\u00e7\u0131 isabet edildi. Yerel kaynaklar SANA muhabirine; el Bab kentindeki el \u0130hasan Camii\u2019nin yan\u0131nda park edilen bir arabaya y\u00fckl\u00fc bomba d\u00fczene\u011finin patlad\u0131\u011f\u0131n\u0131 ve bunun sonucunda bir sivilin yaraland\u0131\u011f\u0131n\u0131 &hellip;<\/p>\n","protected":false},"author":1,"featured_media":237465,"comment_status":"closed","ping_status":"closed","sticky":false,"template":"","format":"standard","meta":{"footnotes":""},"categories":[479,575,17988,2554,2555,478],"tags":[],"class_list":["post-237464","post","type-post","status-publish","format-standard","has-post-thumbnail","","category-haberler-yerel","category-olaylar-ve-gercekler","category-son-haberler","category-suriye-ve-dunya","category-suriye-ve-turkiye","category-yerel"],"_links":{"self":[{"href":"https:\/\/archive.sana.sy\/tr\/index.php?rest_route=\/wp\/v2\/posts\/237464","targetHints":{"allow":["GET"]}}],"collection":[{"href":"https:\/\/archive.sana.sy\/tr\/index.php?rest_route=\/wp\/v2\/posts"}],"about":[{"href":"https:\/\/archive.sana.sy\/tr\/index.php?rest_route=\/wp\/v2\/types\/post"}],"author":[{"embeddable":true,"href":"https:\/\/archive.sana.sy\/tr\/index.php?rest_route=\/wp\/v2\/users\/1"}],"replies":[{"embeddable":true,"href":"https:\/\/archive.sana.sy\/tr\/index.php?rest_route=%2Fwp%2Fv2%2Fcomments&post=237464"}],"version-history":[{"count":0,"href":"https:\/\/archive.sana.sy\/tr\/index.php?rest_route=\/wp\/v2\/posts\/237464\/revisions"}],"wp:featuredmedia":[{"embeddable":true,"href":"https:\/\/archive.sana.sy\/tr\/index.php?rest_route=\/wp\/v2\/media\/237465"}],"wp:attachment":[{"href":"https:\/\/archive.sana.sy\/tr\/index.php?rest_route=%2Fwp%2Fv2%2Fmedia&parent=237464"}],"wp:term":[{"taxonomy":"category","embeddable":true,"href":"https:\/\/archive.sana.sy\/tr\/index.php?rest_route=%2Fwp%2Fv2%2Fcategories&post=237464"},{"taxonomy":"post_tag","embeddable":true,"href":"https:\/\/archive.sana.sy\/tr\/index.php?rest_route=%2Fwp%2Fv2%2Ftags&post=237464"}],"curies":[{"name":"wp","href":"https:\/\/api.w.org\/{rel}","templated":true}]}}