{"id":237472,"date":"2021-06-14T13:59:01","date_gmt":"2021-06-14T10:59:01","guid":{"rendered":"http:\/\/107.6.182.27\/tr\/?p=237472"},"modified":"2021-06-15T17:10:17","modified_gmt":"2021-06-15T14:10:17","slug":"deyrezzorun-dogusunda-amerikan-isgalinden-destekli-dsg-milislerine-karsi-protesto-gosterileri-yenilendi","status":"publish","type":"post","link":"https:\/\/archive.sana.sy\/tr\/?p=237472","title":{"rendered":"Deyrezzor&#8217;un Do\u011fusunda, Amerikan \u0130\u015fgalinden Destekli &#8220;DSG&#8221; Milislerine Kar\u015f\u0131 Protesto G\u00f6sterileri Yenilendi"},"content":{"rendered":"<p>DEYREZZOR \u2013 Deyrezzor k\u0131rsal\u0131n\u0131n do\u011fusundaki Cedid Bakara Beldesinin ahalisi Amerikan i\u015fgalinden destekli \u201cDSG\u201d milislerinin uygulamalr\u0131n\u0131 k\u0131nayan protesto g\u00f6sterileri d\u00fczenledi.<\/p>\n<p>B\u00f6lge kaynaklar\u0131 SANA muhabirine, Deyrezzor k\u0131rsal\u0131n\u0131n do\u011fusundaki Cedid Bakara Beldesinde \u201cDSG\u201d milislerinin su\u00e7lu uygulamalar\u0131na kar\u015f\u0131 pop\u00fcler protestolar\u0131n \u00e7\u0131kt\u0131\u011f\u0131n\u0131 belirtti. Kaynaklar, protesto g\u00f6sterilerin sebibinin b\u00f6lgede halka kar\u015f\u0131 su\u00e7 uygulamalar\u0131n\u0131, g\u00fcvenlik kayb\u0131n\u0131, kaosun yay\u0131lmas\u0131n\u0131, b\u00f6lge halk\u0131n\u0131n mahsul ve m\u00fclk\u00fcn ya\u011fmalanmas\u0131n\u0131 oldu\u011funu ekledi.<\/p>\n<p>Beldedeki ana yollar\u0131 ta\u015flarla ve yanan lastiklerle trafi\u011fe kapatan g\u00f6stericiler, \u201cDSG\u201d militanlar\u0131n\u0131n ve ABD i\u015fgalinin b\u00f6lgeden \u00e7\u0131kar\u0131lmas\u0131n\u0131 talep etti.<\/p>\n<p>P.M.<\/p>\n","protected":false},"excerpt":{"rendered":"<p>DEYREZZOR \u2013 Deyrezzor k\u0131rsal\u0131n\u0131n do\u011fusundaki Cedid Bakara Beldesinin ahalisi Amerikan i\u015fgalinden destekli \u201cDSG\u201d milislerinin uygulamalr\u0131n\u0131 k\u0131nayan protesto g\u00f6sterileri d\u00fczenledi. B\u00f6lge kaynaklar\u0131 SANA muhabirine, Deyrezzor k\u0131rsal\u0131n\u0131n do\u011fusundaki Cedid Bakara Beldesinde \u201cDSG\u201d milislerinin su\u00e7lu uygulamalar\u0131na kar\u015f\u0131 pop\u00fcler protestolar\u0131n \u00e7\u0131kt\u0131\u011f\u0131n\u0131 belirtti. Kaynaklar, protesto g\u00f6sterilerin sebibinin b\u00f6lgede halka kar\u015f\u0131 su\u00e7 uygulamalar\u0131n\u0131, g\u00fcvenlik kayb\u0131n\u0131, kaosun yay\u0131lmas\u0131n\u0131, b\u00f6lge halk\u0131n\u0131n mahsul ve &hellip;<\/p>\n","protected":false},"author":1,"featured_media":237473,"comment_status":"closed","ping_status":"closed","sticky":false,"template":"","format":"standard","meta":{"footnotes":""},"categories":[479,575,17988,478],"tags":[],"class_list":["post-237472","post","type-post","status-publish","format-standard","has-post-thumbnail","","category-haberler-yerel","category-olaylar-ve-gercekler","category-son-haberler","category-yerel"],"_links":{"self":[{"href":"https:\/\/archive.sana.sy\/tr\/index.php?rest_route=\/wp\/v2\/posts\/237472","targetHints":{"allow":["GET"]}}],"collection":[{"href":"https:\/\/archive.sana.sy\/tr\/index.php?rest_route=\/wp\/v2\/posts"}],"about":[{"href":"https:\/\/archive.sana.sy\/tr\/index.php?rest_route=\/wp\/v2\/types\/post"}],"author":[{"embeddable":true,"href":"https:\/\/archive.sana.sy\/tr\/index.php?rest_route=\/wp\/v2\/users\/1"}],"replies":[{"embeddable":true,"href":"https:\/\/archive.sana.sy\/tr\/index.php?rest_route=%2Fwp%2Fv2%2Fcomments&post=237472"}],"version-history":[{"count":0,"href":"https:\/\/archive.sana.sy\/tr\/index.php?rest_route=\/wp\/v2\/posts\/237472\/revisions"}],"wp:featuredmedia":[{"embeddable":true,"href":"https:\/\/archive.sana.sy\/tr\/index.php?rest_route=\/wp\/v2\/media\/237473"}],"wp:attachment":[{"href":"https:\/\/archive.sana.sy\/tr\/index.php?rest_route=%2Fwp%2Fv2%2Fmedia&parent=237472"}],"wp:term":[{"taxonomy":"category","embeddable":true,"href":"https:\/\/archive.sana.sy\/tr\/index.php?rest_route=%2Fwp%2Fv2%2Fcategories&post=237472"},{"taxonomy":"post_tag","embeddable":true,"href":"https:\/\/archive.sana.sy\/tr\/index.php?rest_route=%2Fwp%2Fv2%2Ftags&post=237472"}],"curies":[{"name":"wp","href":"https:\/\/api.w.org\/{rel}","templated":true}]}}