{"id":237493,"date":"2021-06-15T16:56:29","date_gmt":"2021-06-15T13:56:29","guid":{"rendered":"http:\/\/107.6.182.27\/tr\/?p=237493"},"modified":"2021-06-16T13:13:10","modified_gmt":"2021-06-16T10:13:10","slug":"haseke-kirsalindaki-farfara-koyunun-ahalisi-amerikan-isgal-kuvvetleri-ve-dsg-milislerinden-olusan-bir-konvoyu-durdurup-geri-cekilmeye-zorladi","status":"publish","type":"post","link":"https:\/\/archive.sana.sy\/tr\/?p=237493","title":{"rendered":"Haseke K\u0131rsal\u0131ndaki Farfara k\u00f6y\u00fcn\u00fcn Ahalisi, Amerikan \u0130\u015fgal Kuvvetleri ve DSG Milislerinden Olu\u015fan Bir Konvoyu Durdurup Geri \u00c7ekilmeye Zorlad\u0131 (V\u0130DEO)"},"content":{"rendered":"<p>HASEKE \u2013 Haseke k\u0131rsal\u0131ndaki Farfara k\u00f6y\u00fcn\u00fcn ahalisi El Cezire B\u00f6lgesinde Amerikan i\u015fgal g\u00fc\u00e7leri ve hernagi bir di\u011fer i\u015fgal g\u00fcc\u00fcn\u00fcn varl\u0131\u011f\u0131n\u0131 redettiklerini teyit etme eylemi olarak Amerikan i\u015fgal g\u00fclerinin ve onlara ba\u011fl\u0131 \u201cDSG\u201d milislerine ait bir konvoyunun k\u00f6ylerinden ge\u00e7i\u015fini engelledi.<\/p>\n<p><a href=\"http:\/\/107.6.182.27\/tr\/wp-content\/uploads\/2021\/06\/video_2021-06-15_13-52-20.mp4_snapshot_00.08.006-copy.jpg\"><img loading=\"lazy\" decoding=\"async\" class=\"alignright size-medium wp-image-237496\" src=\"http:\/\/107.6.182.27\/tr\/wp-content\/uploads\/2021\/06\/video_2021-06-15_13-52-20.mp4_snapshot_00.08.006-copy-300x181.jpg\" alt=\"\" width=\"300\" height=\"181\" srcset=\"https:\/\/archive.sana.sy\/tr\/wp-content\/uploads\/2021\/06\/video_2021-06-15_13-52-20.mp4_snapshot_00.08.006-copy-300x181.jpg 300w, https:\/\/archive.sana.sy\/tr\/wp-content\/uploads\/2021\/06\/video_2021-06-15_13-52-20.mp4_snapshot_00.08.006-copy-150x90.jpg 150w, https:\/\/archive.sana.sy\/tr\/wp-content\/uploads\/2021\/06\/video_2021-06-15_13-52-20.mp4_snapshot_00.08.006-copy.jpg 654w\" sizes=\"auto, (max-width: 300px) 100vw, 300px\" \/><\/a>SANA\u2019n\u0131n Kam\u0131\u015fl\u0131 muhabiri; Farfara k\u00f6y\u00fcn\u00fcn ahalisinin Amerikan i\u015fgalinin 4 ara\u00e7tan olu\u015fan ve bir DSG askeri arac\u0131n\u0131n e\u015flik etti\u011fi konvoyun ge\u00e7i\u015fini ta\u015f atarak engellediklerini\u00a0 belirtti.<\/p>\n<p>Muhabir ayr\u0131ca, sakinlerin i\u015fgal kuvvetlerine ait konvoyu geri \u00e7ekilmeye ve k\u00f6yden \u00e7ekilmeye zorlad\u0131klar\u0131 belirtti.<\/p>\n<p>Daha \u00f6nce Haseke k\u0131rsal\u0131ndaki ahalisi Suriye Arap Ordusu&#8217;nun deste\u011fiyle, konu\u015flanma b\u00f6lgelerine yak\u0131n k\u00f6yler ve beldeler aras\u0131nda hareket etmeye \u00e7al\u0131\u015fan Amerikan i\u015fgalinin bir\u00e7ok kovoy ile kar\u015f\u0131 kar\u015f\u0131ya kal\u0131p onlar\u0131 gitmeye zorlad\u0131.<\/p>\n<p>P.M.<br \/>\n<iframe loading=\"lazy\" title=\"YouTube video player\" src=\"https:\/\/www.youtube.com\/embed\/zWaiUwueJ_8\" width=\"620\" height=\"348\" frameborder=\"0\" allowfullscreen=\"allowfullscreen\"><\/iframe><\/p>\n","protected":false},"excerpt":{"rendered":"<p>HASEKE \u2013 Haseke k\u0131rsal\u0131ndaki Farfara k\u00f6y\u00fcn\u00fcn ahalisi El Cezire B\u00f6lgesinde Amerikan i\u015fgal g\u00fc\u00e7leri ve hernagi bir di\u011fer i\u015fgal g\u00fcc\u00fcn\u00fcn varl\u0131\u011f\u0131n\u0131 redettiklerini teyit etme eylemi olarak Amerikan i\u015fgal g\u00fclerinin ve onlara ba\u011fl\u0131 \u201cDSG\u201d milislerine ait bir konvoyunun k\u00f6ylerinden ge\u00e7i\u015fini engelledi. SANA\u2019n\u0131n Kam\u0131\u015fl\u0131 muhabiri; Farfara k\u00f6y\u00fcn\u00fcn ahalisinin Amerikan i\u015fgalinin 4 ara\u00e7tan olu\u015fan ve bir DSG askeri arac\u0131n\u0131n &hellip;<\/p>\n","protected":false},"author":1,"featured_media":237494,"comment_status":"closed","ping_status":"closed","sticky":false,"template":"","format":"standard","meta":{"footnotes":""},"categories":[479,575,17988,478],"tags":[],"class_list":["post-237493","post","type-post","status-publish","format-standard","has-post-thumbnail","","category-haberler-yerel","category-olaylar-ve-gercekler","category-son-haberler","category-yerel"],"_links":{"self":[{"href":"https:\/\/archive.sana.sy\/tr\/index.php?rest_route=\/wp\/v2\/posts\/237493","targetHints":{"allow":["GET"]}}],"collection":[{"href":"https:\/\/archive.sana.sy\/tr\/index.php?rest_route=\/wp\/v2\/posts"}],"about":[{"href":"https:\/\/archive.sana.sy\/tr\/index.php?rest_route=\/wp\/v2\/types\/post"}],"author":[{"embeddable":true,"href":"https:\/\/archive.sana.sy\/tr\/index.php?rest_route=\/wp\/v2\/users\/1"}],"replies":[{"embeddable":true,"href":"https:\/\/archive.sana.sy\/tr\/index.php?rest_route=%2Fwp%2Fv2%2Fcomments&post=237493"}],"version-history":[{"count":0,"href":"https:\/\/archive.sana.sy\/tr\/index.php?rest_route=\/wp\/v2\/posts\/237493\/revisions"}],"wp:featuredmedia":[{"embeddable":true,"href":"https:\/\/archive.sana.sy\/tr\/index.php?rest_route=\/wp\/v2\/media\/237494"}],"wp:attachment":[{"href":"https:\/\/archive.sana.sy\/tr\/index.php?rest_route=%2Fwp%2Fv2%2Fmedia&parent=237493"}],"wp:term":[{"taxonomy":"category","embeddable":true,"href":"https:\/\/archive.sana.sy\/tr\/index.php?rest_route=%2Fwp%2Fv2%2Fcategories&post=237493"},{"taxonomy":"post_tag","embeddable":true,"href":"https:\/\/archive.sana.sy\/tr\/index.php?rest_route=%2Fwp%2Fv2%2Ftags&post=237493"}],"curies":[{"name":"wp","href":"https:\/\/api.w.org\/{rel}","templated":true}]}}