{"id":237508,"date":"2021-06-15T17:20:41","date_gmt":"2021-06-15T14:20:41","guid":{"rendered":"http:\/\/107.6.182.27\/tr\/?p=237508"},"modified":"2021-06-16T08:09:42","modified_gmt":"2021-06-16T05:09:42","slug":"afrin-kirsalinda-bombali-eylem-turk-isgaline-tabi-2-kiralik-terorist-olduruldu-ve-diger-dort-kisi-yaralandi","status":"publish","type":"post","link":"https:\/\/archive.sana.sy\/tr\/?p=237508","title":{"rendered":"Afrin K\u0131rsal\u0131nda Bombal\u0131 Eylem.. T\u00fcrk \u0130\u015fgaline Tabi 2 Kiral\u0131k Ter\u00f6rist \u00d6ld\u00fcr\u00fcld\u00fc ve Di\u011fer D\u00f6rt Ki\u015fi Yaraland\u0131"},"content":{"rendered":"<p>HALEP \u2013 Haleo k\u0131rsal\u0131n\u0131n kuzeyinde yer alan i\u015fgal alt\u0131ndaki Afrin kentinin \u00e7evresinde bomba y\u00fckl\u00fc bir araban\u0131n patlamas\u0131 sonucunda T\u00fcrk i\u015fgalinin kiral\u0131k ter\u00f6ristlerinden iki unsur \u00f6ld\u00fcr\u00fcld\u00fc ve 4 ki\u015fi yaraland\u0131.<\/p>\n<p>B\u00f6lge ve medya kaynaklar\u0131, bomba y\u00fckl\u00fc bir araban\u0131n Afrin kentinin \u00e7evresinde bulunan Kfar Cenne k\u00f6y\u00fcn\u00fcn kava\u015f\u0131k noktas\u0131nda T\u00fcrk i\u015fgaline tabi kiral\u0131k ter\u00f6ristlerinin yerle\u015ftirdikleri kontrol noktas\u0131na ula\u015ft\u0131\u011f\u0131 anda patlad\u0131\u011f\u0131n\u0131 ve bunun sonucunda 2 kiral\u0131k ter\u00f6ristin \u00f6ld\u00fcr\u00fcld\u00fc\u011f\u00fcn\u00fc, 4 ki\u015finin yaraland\u0131\u011f\u0131n\u0131 ve olay yerinde maddi hasarlara yol a\u00e7\u0131ld\u0131\u011f\u0131n\u0131 belirtti.<\/p>\n","protected":false},"excerpt":{"rendered":"<p>HALEP \u2013 Haleo k\u0131rsal\u0131n\u0131n kuzeyinde yer alan i\u015fgal alt\u0131ndaki Afrin kentinin \u00e7evresinde bomba y\u00fckl\u00fc bir araban\u0131n patlamas\u0131 sonucunda T\u00fcrk i\u015fgalinin kiral\u0131k ter\u00f6ristlerinden iki unsur \u00f6ld\u00fcr\u00fcld\u00fc ve 4 ki\u015fi yaraland\u0131. B\u00f6lge ve medya kaynaklar\u0131, bomba y\u00fckl\u00fc bir araban\u0131n Afrin kentinin \u00e7evresinde bulunan Kfar Cenne k\u00f6y\u00fcn\u00fcn kava\u015f\u0131k noktas\u0131nda T\u00fcrk i\u015fgaline tabi kiral\u0131k ter\u00f6ristlerinin yerle\u015ftirdikleri kontrol noktas\u0131na ula\u015ft\u0131\u011f\u0131 &hellip;<\/p>\n","protected":false},"author":1,"featured_media":237512,"comment_status":"closed","ping_status":"closed","sticky":false,"template":"","format":"standard","meta":{"footnotes":""},"categories":[479,575,17988,2554,2555,478],"tags":[],"class_list":["post-237508","post","type-post","status-publish","format-standard","has-post-thumbnail","","category-haberler-yerel","category-olaylar-ve-gercekler","category-son-haberler","category-suriye-ve-dunya","category-suriye-ve-turkiye","category-yerel"],"_links":{"self":[{"href":"https:\/\/archive.sana.sy\/tr\/index.php?rest_route=\/wp\/v2\/posts\/237508","targetHints":{"allow":["GET"]}}],"collection":[{"href":"https:\/\/archive.sana.sy\/tr\/index.php?rest_route=\/wp\/v2\/posts"}],"about":[{"href":"https:\/\/archive.sana.sy\/tr\/index.php?rest_route=\/wp\/v2\/types\/post"}],"author":[{"embeddable":true,"href":"https:\/\/archive.sana.sy\/tr\/index.php?rest_route=\/wp\/v2\/users\/1"}],"replies":[{"embeddable":true,"href":"https:\/\/archive.sana.sy\/tr\/index.php?rest_route=%2Fwp%2Fv2%2Fcomments&post=237508"}],"version-history":[{"count":0,"href":"https:\/\/archive.sana.sy\/tr\/index.php?rest_route=\/wp\/v2\/posts\/237508\/revisions"}],"wp:featuredmedia":[{"embeddable":true,"href":"https:\/\/archive.sana.sy\/tr\/index.php?rest_route=\/wp\/v2\/media\/237512"}],"wp:attachment":[{"href":"https:\/\/archive.sana.sy\/tr\/index.php?rest_route=%2Fwp%2Fv2%2Fmedia&parent=237508"}],"wp:term":[{"taxonomy":"category","embeddable":true,"href":"https:\/\/archive.sana.sy\/tr\/index.php?rest_route=%2Fwp%2Fv2%2Fcategories&post=237508"},{"taxonomy":"post_tag","embeddable":true,"href":"https:\/\/archive.sana.sy\/tr\/index.php?rest_route=%2Fwp%2Fv2%2Ftags&post=237508"}],"curies":[{"name":"wp","href":"https:\/\/api.w.org\/{rel}","templated":true}]}}