{"id":237536,"date":"2021-06-16T08:22:27","date_gmt":"2021-06-16T05:22:27","guid":{"rendered":"http:\/\/107.6.182.27\/tr\/?p=237536"},"modified":"2021-06-17T08:46:26","modified_gmt":"2021-06-17T05:46:26","slug":"amerikan-isgal-gucleri-calinti-suriye-bugdayla-yuklu-yeni-bir-konvoy-iraka-kacirdi-2","status":"publish","type":"post","link":"https:\/\/archive.sana.sy\/tr\/?p=237536","title":{"rendered":"Amerikan \u0130\u015fgal G\u00fc\u00e7leri \u00c7al\u0131nt\u0131 Suriye Bu\u011fdayla Y\u00fckl\u00fc Yeni Bir Konvoy Irak\u2019a Ka\u00e7\u0131rd\u0131"},"content":{"rendered":"<p>HASEKE \u2013 Amerikan i\u015fgal g\u00fc\u00e7leri, Suriye&#8217;den \u00e7al\u0131nt\u0131 tah\u0131llarla dolu bir konvoyu yasad\u0131\u015f\u0131 El Velid ge\u00e7idinden kuzey Irak&#8217;a \u00e7\u0131kard\u0131.<\/p>\n<p>El Yarubiye k\u0131rsal\u0131ndan Yerel kaynaklar SANA muhabirine, \u00fcst\u00fc kapal\u0131 kamyonlar ve termokingleri da dahil olmak \u00fczere 32 ara\u00e7tan olu\u015fan bir konvoyun bir dizi &#8220;DSG&#8221; milis arac\u0131yla birlikte yasad\u0131\u015f\u0131 El Velid ge\u00e7idinden Irak topraklar\u0131na do\u011fru yola \u00e7\u0131kt\u0131\u011f\u0131n\u0131 belirtti.<\/p>\n<p>\u00c7eviri: M.Y<\/p>\n","protected":false},"excerpt":{"rendered":"<p>HASEKE \u2013 Amerikan i\u015fgal g\u00fc\u00e7leri, Suriye&#8217;den \u00e7al\u0131nt\u0131 tah\u0131llarla dolu bir konvoyu yasad\u0131\u015f\u0131 El Velid ge\u00e7idinden kuzey Irak&#8217;a \u00e7\u0131kard\u0131. El Yarubiye k\u0131rsal\u0131ndan Yerel kaynaklar SANA muhabirine, \u00fcst\u00fc kapal\u0131 kamyonlar ve termokingleri da dahil olmak \u00fczere 32 ara\u00e7tan olu\u015fan bir konvoyun bir dizi &#8220;DSG&#8221; milis arac\u0131yla birlikte yasad\u0131\u015f\u0131 El Velid ge\u00e7idinden Irak topraklar\u0131na do\u011fru yola \u00e7\u0131kt\u0131\u011f\u0131n\u0131 belirtti. &hellip;<\/p>\n","protected":false},"author":36,"featured_media":237537,"comment_status":"closed","ping_status":"closed","sticky":false,"template":"","format":"standard","meta":{"footnotes":""},"categories":[479,575,17988,478],"tags":[],"class_list":["post-237536","post","type-post","status-publish","format-standard","has-post-thumbnail","","category-haberler-yerel","category-olaylar-ve-gercekler","category-son-haberler","category-yerel"],"_links":{"self":[{"href":"https:\/\/archive.sana.sy\/tr\/index.php?rest_route=\/wp\/v2\/posts\/237536","targetHints":{"allow":["GET"]}}],"collection":[{"href":"https:\/\/archive.sana.sy\/tr\/index.php?rest_route=\/wp\/v2\/posts"}],"about":[{"href":"https:\/\/archive.sana.sy\/tr\/index.php?rest_route=\/wp\/v2\/types\/post"}],"author":[{"embeddable":true,"href":"https:\/\/archive.sana.sy\/tr\/index.php?rest_route=\/wp\/v2\/users\/36"}],"replies":[{"embeddable":true,"href":"https:\/\/archive.sana.sy\/tr\/index.php?rest_route=%2Fwp%2Fv2%2Fcomments&post=237536"}],"version-history":[{"count":0,"href":"https:\/\/archive.sana.sy\/tr\/index.php?rest_route=\/wp\/v2\/posts\/237536\/revisions"}],"wp:featuredmedia":[{"embeddable":true,"href":"https:\/\/archive.sana.sy\/tr\/index.php?rest_route=\/wp\/v2\/media\/237537"}],"wp:attachment":[{"href":"https:\/\/archive.sana.sy\/tr\/index.php?rest_route=%2Fwp%2Fv2%2Fmedia&parent=237536"}],"wp:term":[{"taxonomy":"category","embeddable":true,"href":"https:\/\/archive.sana.sy\/tr\/index.php?rest_route=%2Fwp%2Fv2%2Fcategories&post=237536"},{"taxonomy":"post_tag","embeddable":true,"href":"https:\/\/archive.sana.sy\/tr\/index.php?rest_route=%2Fwp%2Fv2%2Ftags&post=237536"}],"curies":[{"name":"wp","href":"https:\/\/api.w.org\/{rel}","templated":true}]}}