{"id":237618,"date":"2021-06-17T12:44:54","date_gmt":"2021-06-17T09:44:54","guid":{"rendered":"http:\/\/107.6.182.27\/tr\/?p=237618"},"modified":"2021-06-18T09:23:47","modified_gmt":"2021-06-18T06:23:47","slug":"amerikan-isgal-gucleri-haseke-kirsalina-yeni-bir-konvoy-gecirdi-4","status":"publish","type":"post","link":"https:\/\/archive.sana.sy\/tr\/?p=237618","title":{"rendered":"Amerikan \u0130\u015fgal G\u00fc\u00e7leri, Haseke K\u0131rsal\u0131na Yeni Bir Konvoy Ge\u00e7irdi"},"content":{"rendered":"<p>HASEKE \u2013 Amerikan i\u015fgal g\u00fc\u00e7leri, yasad\u0131\u015f\u0131 el Velid ge\u00e7i\u015fi yoluyla Irak topraklar\u0131ndan Haseke k\u0131rsal\u0131ndaki \u00fcslerine, silah, m\u00fchimmat ve lojistik malzemelar ta\u015f\u0131yan yeni bir konvoy ge\u00e7irdi.<\/p>\n<p>El S\u00fcveydiye b\u00f6lgesindeki Yerel kaynaklar SANA muahbirine, Amerikan i\u015fgal g\u00fc\u00e7lerinin, aralar\u0131nda Kaplamal\u0131 kamyonlar, akaryak\u0131t tanklar\u0131, termokingleri ve lamine b\u00fcy\u00fck boy kutular\u0131 ta\u015f\u0131yan tankerlerin de bulundu\u011fu 55 ara\u00e7tan olu\u015fan bir konvoyun, Irak topraklar\u0131ndan yasad\u0131\u015f\u0131 el Velid ge\u00e7idinden Haseke k\u0131rsal\u0131ndaki i\u015fgal \u00fcsllerine do\u011fru y\u00f6neldi\u011fini belirtti.<\/p>\n","protected":false},"excerpt":{"rendered":"<p>HASEKE \u2013 Amerikan i\u015fgal g\u00fc\u00e7leri, yasad\u0131\u015f\u0131 el Velid ge\u00e7i\u015fi yoluyla Irak topraklar\u0131ndan Haseke k\u0131rsal\u0131ndaki \u00fcslerine, silah, m\u00fchimmat ve lojistik malzemelar ta\u015f\u0131yan yeni bir konvoy ge\u00e7irdi. El S\u00fcveydiye b\u00f6lgesindeki Yerel kaynaklar SANA muahbirine, Amerikan i\u015fgal g\u00fc\u00e7lerinin, aralar\u0131nda Kaplamal\u0131 kamyonlar, akaryak\u0131t tanklar\u0131, termokingleri ve lamine b\u00fcy\u00fck boy kutular\u0131 ta\u015f\u0131yan tankerlerin de bulundu\u011fu 55 ara\u00e7tan olu\u015fan bir konvoyun, &hellip;<\/p>\n","protected":false},"author":36,"featured_media":237619,"comment_status":"closed","ping_status":"closed","sticky":false,"template":"","format":"standard","meta":{"footnotes":""},"categories":[479,575,17988,478],"tags":[],"class_list":["post-237618","post","type-post","status-publish","format-standard","has-post-thumbnail","","category-haberler-yerel","category-olaylar-ve-gercekler","category-son-haberler","category-yerel"],"_links":{"self":[{"href":"https:\/\/archive.sana.sy\/tr\/index.php?rest_route=\/wp\/v2\/posts\/237618","targetHints":{"allow":["GET"]}}],"collection":[{"href":"https:\/\/archive.sana.sy\/tr\/index.php?rest_route=\/wp\/v2\/posts"}],"about":[{"href":"https:\/\/archive.sana.sy\/tr\/index.php?rest_route=\/wp\/v2\/types\/post"}],"author":[{"embeddable":true,"href":"https:\/\/archive.sana.sy\/tr\/index.php?rest_route=\/wp\/v2\/users\/36"}],"replies":[{"embeddable":true,"href":"https:\/\/archive.sana.sy\/tr\/index.php?rest_route=%2Fwp%2Fv2%2Fcomments&post=237618"}],"version-history":[{"count":0,"href":"https:\/\/archive.sana.sy\/tr\/index.php?rest_route=\/wp\/v2\/posts\/237618\/revisions"}],"wp:featuredmedia":[{"embeddable":true,"href":"https:\/\/archive.sana.sy\/tr\/index.php?rest_route=\/wp\/v2\/media\/237619"}],"wp:attachment":[{"href":"https:\/\/archive.sana.sy\/tr\/index.php?rest_route=%2Fwp%2Fv2%2Fmedia&parent=237618"}],"wp:term":[{"taxonomy":"category","embeddable":true,"href":"https:\/\/archive.sana.sy\/tr\/index.php?rest_route=%2Fwp%2Fv2%2Fcategories&post=237618"},{"taxonomy":"post_tag","embeddable":true,"href":"https:\/\/archive.sana.sy\/tr\/index.php?rest_route=%2Fwp%2Fv2%2Ftags&post=237618"}],"curies":[{"name":"wp","href":"https:\/\/api.w.org\/{rel}","templated":true}]}}