{"id":237625,"date":"2021-06-17T13:54:39","date_gmt":"2021-06-17T10:54:39","guid":{"rendered":"http:\/\/107.6.182.27\/tr\/?p=237625"},"modified":"2021-06-18T09:24:15","modified_gmt":"2021-06-18T06:24:15","slug":"dsg-milisleri-deyrezor-kirsalindan-birkac-sivili-kacirdi","status":"publish","type":"post","link":"https:\/\/archive.sana.sy\/tr\/?p=237625","title":{"rendered":"DSG Milisleri, Deyrezzor K\u0131rsal\u0131ndan Birka\u00e7 Sivili Ka\u00e7\u0131rd\u0131"},"content":{"rendered":"<p>DEYREZZOR \u2013 Amerikan i\u015fgal g\u00fc\u00e7lerinden desteklenen \u201cDSG\u201d milisleri, Deyrezzor k\u0131rsal\u0131n\u0131n do\u011fusunda yer alan \u011eranic beldesinden birka\u00e7 sivili ka\u00e7\u0131rd\u0131.<\/p>\n<p>Yerel kaynaklar SANA muhabirine, &#8220;DSG&#8221; milislerinden silahl\u0131 gruplar\u0131n, beldedeki e Madan mahalesindeki vatanda\u015flar\u0131n evlerine bask\u0131n d\u00fczenlediklerine belirtirkne, birka\u00e7 sivili ka\u00e7\u0131r\u0131p bilinmeyen bir yere g\u00f6t\u00fcrd\u00fcklerine i\u015faret etti.<\/p>\n<p>\u00c7eviri: M.Y<\/p>\n","protected":false},"excerpt":{"rendered":"<p>DEYREZZOR \u2013 Amerikan i\u015fgal g\u00fc\u00e7lerinden desteklenen \u201cDSG\u201d milisleri, Deyrezzor k\u0131rsal\u0131n\u0131n do\u011fusunda yer alan \u011eranic beldesinden birka\u00e7 sivili ka\u00e7\u0131rd\u0131. Yerel kaynaklar SANA muhabirine, &#8220;DSG&#8221; milislerinden silahl\u0131 gruplar\u0131n, beldedeki e Madan mahalesindeki vatanda\u015flar\u0131n evlerine bask\u0131n d\u00fczenlediklerine belirtirkne, birka\u00e7 sivili ka\u00e7\u0131r\u0131p bilinmeyen bir yere g\u00f6t\u00fcrd\u00fcklerine i\u015faret etti. \u00c7eviri: M.Y<\/p>\n","protected":false},"author":36,"featured_media":237626,"comment_status":"closed","ping_status":"closed","sticky":false,"template":"","format":"standard","meta":{"footnotes":""},"categories":[479,575,17988,478],"tags":[],"class_list":["post-237625","post","type-post","status-publish","format-standard","has-post-thumbnail","","category-haberler-yerel","category-olaylar-ve-gercekler","category-son-haberler","category-yerel"],"_links":{"self":[{"href":"https:\/\/archive.sana.sy\/tr\/index.php?rest_route=\/wp\/v2\/posts\/237625","targetHints":{"allow":["GET"]}}],"collection":[{"href":"https:\/\/archive.sana.sy\/tr\/index.php?rest_route=\/wp\/v2\/posts"}],"about":[{"href":"https:\/\/archive.sana.sy\/tr\/index.php?rest_route=\/wp\/v2\/types\/post"}],"author":[{"embeddable":true,"href":"https:\/\/archive.sana.sy\/tr\/index.php?rest_route=\/wp\/v2\/users\/36"}],"replies":[{"embeddable":true,"href":"https:\/\/archive.sana.sy\/tr\/index.php?rest_route=%2Fwp%2Fv2%2Fcomments&post=237625"}],"version-history":[{"count":0,"href":"https:\/\/archive.sana.sy\/tr\/index.php?rest_route=\/wp\/v2\/posts\/237625\/revisions"}],"wp:featuredmedia":[{"embeddable":true,"href":"https:\/\/archive.sana.sy\/tr\/index.php?rest_route=\/wp\/v2\/media\/237626"}],"wp:attachment":[{"href":"https:\/\/archive.sana.sy\/tr\/index.php?rest_route=%2Fwp%2Fv2%2Fmedia&parent=237625"}],"wp:term":[{"taxonomy":"category","embeddable":true,"href":"https:\/\/archive.sana.sy\/tr\/index.php?rest_route=%2Fwp%2Fv2%2Fcategories&post=237625"},{"taxonomy":"post_tag","embeddable":true,"href":"https:\/\/archive.sana.sy\/tr\/index.php?rest_route=%2Fwp%2Fv2%2Ftags&post=237625"}],"curies":[{"name":"wp","href":"https:\/\/api.w.org\/{rel}","templated":true}]}}