{"id":237785,"date":"2021-06-20T08:00:35","date_gmt":"2021-06-20T05:00:35","guid":{"rendered":"http:\/\/107.6.182.27\/tr\/?p=237785"},"modified":"2021-06-21T13:43:06","modified_gmt":"2021-06-21T10:43:06","slug":"amerikn-isgal-gucleri-haseke-kirsalina-yeni-bir-konvoy-gecirdi","status":"publish","type":"post","link":"https:\/\/archive.sana.sy\/tr\/?p=237785","title":{"rendered":"Amerikn \u0130\u015fgal G\u00fc\u00e7leri, Haseke K\u0131rsal\u0131na Yeni Bir Konvoy Ge\u00e7irdi"},"content":{"rendered":"<p>HASEKE \u2013 Amerikan i\u015fgal g\u00fc\u00e7leri, Haseke\u2019deki yasad\u0131\u015f\u0131 \u00fcslerini g\u00fc\u00e7lendirmek i\u00e7in, lojistik malzeme ve askeri te\u00e7hizatlarla y\u00fckl\u00fc 40 kamyon ve tankerler ge\u00e7irdi.<\/p>\n<p>El S\u00fcveydiye b\u00f6lgesinden yerel kaynaklar SANA muhabirine, Amerikan i\u015fgal g\u00fc\u00e7lerinin, tankerler, termokingler ve aralar\u0131nda lamine kutular ta\u015f\u0131yan tankerlerin de bulundu\u011fu 40 ara\u00e7tan olu\u015fan bir konvoyun, Irak\u2019tan yasad\u0131\u015f\u0131 el Velid ge\u00e7idinden Haseke k\u0131rsal\u0131n\u0131n kuzeydo\u011fusunda yer alan H\u0131rab El Cir Havaalan\u0131na do\u011fru y\u00f6neldi\u011fini belirtti.<\/p>\n","protected":false},"excerpt":{"rendered":"<p>HASEKE \u2013 Amerikan i\u015fgal g\u00fc\u00e7leri, Haseke\u2019deki yasad\u0131\u015f\u0131 \u00fcslerini g\u00fc\u00e7lendirmek i\u00e7in, lojistik malzeme ve askeri te\u00e7hizatlarla y\u00fckl\u00fc 40 kamyon ve tankerler ge\u00e7irdi. El S\u00fcveydiye b\u00f6lgesinden yerel kaynaklar SANA muhabirine, Amerikan i\u015fgal g\u00fc\u00e7lerinin, tankerler, termokingler ve aralar\u0131nda lamine kutular ta\u015f\u0131yan tankerlerin de bulundu\u011fu 40 ara\u00e7tan olu\u015fan bir konvoyun, Irak\u2019tan yasad\u0131\u015f\u0131 el Velid ge\u00e7idinden Haseke k\u0131rsal\u0131n\u0131n kuzeydo\u011fusunda yer &hellip;<\/p>\n","protected":false},"author":36,"featured_media":237786,"comment_status":"closed","ping_status":"closed","sticky":false,"template":"","format":"standard","meta":{"footnotes":""},"categories":[479,575,17988,478],"tags":[],"class_list":["post-237785","post","type-post","status-publish","format-standard","has-post-thumbnail","","category-haberler-yerel","category-olaylar-ve-gercekler","category-son-haberler","category-yerel"],"_links":{"self":[{"href":"https:\/\/archive.sana.sy\/tr\/index.php?rest_route=\/wp\/v2\/posts\/237785","targetHints":{"allow":["GET"]}}],"collection":[{"href":"https:\/\/archive.sana.sy\/tr\/index.php?rest_route=\/wp\/v2\/posts"}],"about":[{"href":"https:\/\/archive.sana.sy\/tr\/index.php?rest_route=\/wp\/v2\/types\/post"}],"author":[{"embeddable":true,"href":"https:\/\/archive.sana.sy\/tr\/index.php?rest_route=\/wp\/v2\/users\/36"}],"replies":[{"embeddable":true,"href":"https:\/\/archive.sana.sy\/tr\/index.php?rest_route=%2Fwp%2Fv2%2Fcomments&post=237785"}],"version-history":[{"count":0,"href":"https:\/\/archive.sana.sy\/tr\/index.php?rest_route=\/wp\/v2\/posts\/237785\/revisions"}],"wp:featuredmedia":[{"embeddable":true,"href":"https:\/\/archive.sana.sy\/tr\/index.php?rest_route=\/wp\/v2\/media\/237786"}],"wp:attachment":[{"href":"https:\/\/archive.sana.sy\/tr\/index.php?rest_route=%2Fwp%2Fv2%2Fmedia&parent=237785"}],"wp:term":[{"taxonomy":"category","embeddable":true,"href":"https:\/\/archive.sana.sy\/tr\/index.php?rest_route=%2Fwp%2Fv2%2Fcategories&post=237785"},{"taxonomy":"post_tag","embeddable":true,"href":"https:\/\/archive.sana.sy\/tr\/index.php?rest_route=%2Fwp%2Fv2%2Ftags&post=237785"}],"curies":[{"name":"wp","href":"https:\/\/api.w.org\/{rel}","templated":true}]}}