{"id":237806,"date":"2021-06-20T10:55:54","date_gmt":"2021-06-20T07:55:54","guid":{"rendered":"http:\/\/www.sana.sy\/tr\/?p=237806"},"modified":"2021-06-21T14:51:54","modified_gmt":"2021-06-21T11:51:54","slug":"turk-isgalinin-kiraliklari-halep-kirsalindan-bir-sivili-kacirdi","status":"publish","type":"post","link":"https:\/\/archive.sana.sy\/tr\/?p=237806","title":{"rendered":"T\u00fcrk \u0130\u015fgalinin Kiral\u0131klar\u0131 Halep K\u0131rsal\u0131ndan Bir Sivili Ka\u00e7\u0131rd\u0131"},"content":{"rendered":"<p>HALEP \u2013 Halep k\u0131rsal\u0131n\u0131n kuzeyinde Afrin b\u00f6lgesine ba\u011fl\u0131 Hekja k\u00f6y\u00fcnde T\u00fcrk i\u015fgal g\u00fc\u00e7lerine ba\u011fl\u0131 ter\u00f6r gruplar\u0131 bir sivili ka\u00e7\u0131rd\u0131.<\/p>\n<p>Yerel kaynaklar SANA&#8217;ya, T\u00fcrk i\u015fgal g\u00fc\u00e7leri taraf\u0131ndan desteklenen \u201cEl Vakas Tugay\u0131\u201d ter\u00f6ristlerinin, Halep k\u0131rsal\u0131n\u0131n kuzeyinde yer alan Afrin b\u00f6lgesindeki Hekja k\u00f6y\u00fcnde bir eve bask\u0131n d\u00fczenledi\u011fini belirtirken, bir vatanda\u015f\u0131 ka\u00e7\u0131r\u0131p b\u00f6lgedeki karargahlar\u0131ndan birine g\u00f6t\u00fcrd\u00fc\u011f\u00fcn\u00fc belirtti.<\/p>\n","protected":false},"excerpt":{"rendered":"<p>HALEP \u2013 Halep k\u0131rsal\u0131n\u0131n kuzeyinde Afrin b\u00f6lgesine ba\u011fl\u0131 Hekja k\u00f6y\u00fcnde T\u00fcrk i\u015fgal g\u00fc\u00e7lerine ba\u011fl\u0131 ter\u00f6r gruplar\u0131 bir sivili ka\u00e7\u0131rd\u0131. Yerel kaynaklar SANA&#8217;ya, T\u00fcrk i\u015fgal g\u00fc\u00e7leri taraf\u0131ndan desteklenen \u201cEl Vakas Tugay\u0131\u201d ter\u00f6ristlerinin, Halep k\u0131rsal\u0131n\u0131n kuzeyinde yer alan Afrin b\u00f6lgesindeki Hekja k\u00f6y\u00fcnde bir eve bask\u0131n d\u00fczenledi\u011fini belirtirken, bir vatanda\u015f\u0131 ka\u00e7\u0131r\u0131p b\u00f6lgedeki karargahlar\u0131ndan birine g\u00f6t\u00fcrd\u00fc\u011f\u00fcn\u00fc belirtti.<\/p>\n","protected":false},"author":36,"featured_media":237807,"comment_status":"closed","ping_status":"closed","sticky":false,"template":"","format":"standard","meta":{"footnotes":""},"categories":[479,575,17988,2554,2555,478],"tags":[],"class_list":["post-237806","post","type-post","status-publish","format-standard","has-post-thumbnail","","category-haberler-yerel","category-olaylar-ve-gercekler","category-son-haberler","category-suriye-ve-dunya","category-suriye-ve-turkiye","category-yerel"],"_links":{"self":[{"href":"https:\/\/archive.sana.sy\/tr\/index.php?rest_route=\/wp\/v2\/posts\/237806","targetHints":{"allow":["GET"]}}],"collection":[{"href":"https:\/\/archive.sana.sy\/tr\/index.php?rest_route=\/wp\/v2\/posts"}],"about":[{"href":"https:\/\/archive.sana.sy\/tr\/index.php?rest_route=\/wp\/v2\/types\/post"}],"author":[{"embeddable":true,"href":"https:\/\/archive.sana.sy\/tr\/index.php?rest_route=\/wp\/v2\/users\/36"}],"replies":[{"embeddable":true,"href":"https:\/\/archive.sana.sy\/tr\/index.php?rest_route=%2Fwp%2Fv2%2Fcomments&post=237806"}],"version-history":[{"count":0,"href":"https:\/\/archive.sana.sy\/tr\/index.php?rest_route=\/wp\/v2\/posts\/237806\/revisions"}],"wp:featuredmedia":[{"embeddable":true,"href":"https:\/\/archive.sana.sy\/tr\/index.php?rest_route=\/wp\/v2\/media\/237807"}],"wp:attachment":[{"href":"https:\/\/archive.sana.sy\/tr\/index.php?rest_route=%2Fwp%2Fv2%2Fmedia&parent=237806"}],"wp:term":[{"taxonomy":"category","embeddable":true,"href":"https:\/\/archive.sana.sy\/tr\/index.php?rest_route=%2Fwp%2Fv2%2Fcategories&post=237806"},{"taxonomy":"post_tag","embeddable":true,"href":"https:\/\/archive.sana.sy\/tr\/index.php?rest_route=%2Fwp%2Fv2%2Ftags&post=237806"}],"curies":[{"name":"wp","href":"https:\/\/api.w.org\/{rel}","templated":true}]}}