{"id":237816,"date":"2021-06-20T12:19:15","date_gmt":"2021-06-20T09:19:15","guid":{"rendered":"http:\/\/www.sana.sy\/tr\/?p=237816"},"modified":"2021-06-21T14:51:56","modified_gmt":"2021-06-21T11:51:56","slug":"teror-orgutleri-curin-beldesine-fuzelerle-saldirdi-bir-adam-ve-kizi-yaralandi","status":"publish","type":"post","link":"https:\/\/archive.sana.sy\/tr\/?p=237816","title":{"rendered":"Ter\u00f6r \u00d6rg\u00fctleri Curin Beldesine F\u00fczelerle Sald\u0131rd\u0131, Bir Adam ve K\u0131z\u0131 Yaraland\u0131"},"content":{"rendered":"<p>HAMA \u2013 \u0130dlib k\u0131rsal\u0131nda konu\u015flanan ter\u00f6r \u00f6rg\u00fctleri, Hama \u015fehrinin kuzeybat\u0131s\u0131nda yer alan Curin beldesine roket mermileriyle sald\u0131rd\u0131.<\/p>\n<p>Hama SANA muhabiri, \u0130dlib k\u0131rsal\u0131nda konu\u015flanan ter\u00f6r \u00f6rg\u00fctlerinin, Hama k\u0131rsal\u0131n\u0131n kuzeybat\u0131s\u0131nda yer alan Curin beldesindeki evlere 5 roket mermisiyle sald\u0131rd\u0131\u011f\u0131n\u0131 belirtti.<\/p>\n<p>Muhabir, s\u00f6z konusu sald\u0131r\u0131lar\u0131n sonucnda, bir adam ve k\u0131z\u0131n\u0131n yaraland\u0131\u011f\u0131n\u0131 belirtirken, Hama Ulusal Hastanesi&#8217;ne kald\u0131r\u0131ld\u0131klar\u0131na i\u015faret etti.<\/p>\n","protected":false},"excerpt":{"rendered":"<p>HAMA \u2013 \u0130dlib k\u0131rsal\u0131nda konu\u015flanan ter\u00f6r \u00f6rg\u00fctleri, Hama \u015fehrinin kuzeybat\u0131s\u0131nda yer alan Curin beldesine roket mermileriyle sald\u0131rd\u0131. Hama SANA muhabiri, \u0130dlib k\u0131rsal\u0131nda konu\u015flanan ter\u00f6r \u00f6rg\u00fctlerinin, Hama k\u0131rsal\u0131n\u0131n kuzeybat\u0131s\u0131nda yer alan Curin beldesindeki evlere 5 roket mermisiyle sald\u0131rd\u0131\u011f\u0131n\u0131 belirtti. Muhabir, s\u00f6z konusu sald\u0131r\u0131lar\u0131n sonucnda, bir adam ve k\u0131z\u0131n\u0131n yaraland\u0131\u011f\u0131n\u0131 belirtirken, Hama Ulusal Hastanesi&#8217;ne kald\u0131r\u0131ld\u0131klar\u0131na i\u015faret etti.<\/p>\n","protected":false},"author":36,"featured_media":237817,"comment_status":"closed","ping_status":"closed","sticky":false,"template":"","format":"standard","meta":{"footnotes":""},"categories":[479,575,17988,478],"tags":[],"class_list":["post-237816","post","type-post","status-publish","format-standard","has-post-thumbnail","","category-haberler-yerel","category-olaylar-ve-gercekler","category-son-haberler","category-yerel"],"_links":{"self":[{"href":"https:\/\/archive.sana.sy\/tr\/index.php?rest_route=\/wp\/v2\/posts\/237816","targetHints":{"allow":["GET"]}}],"collection":[{"href":"https:\/\/archive.sana.sy\/tr\/index.php?rest_route=\/wp\/v2\/posts"}],"about":[{"href":"https:\/\/archive.sana.sy\/tr\/index.php?rest_route=\/wp\/v2\/types\/post"}],"author":[{"embeddable":true,"href":"https:\/\/archive.sana.sy\/tr\/index.php?rest_route=\/wp\/v2\/users\/36"}],"replies":[{"embeddable":true,"href":"https:\/\/archive.sana.sy\/tr\/index.php?rest_route=%2Fwp%2Fv2%2Fcomments&post=237816"}],"version-history":[{"count":0,"href":"https:\/\/archive.sana.sy\/tr\/index.php?rest_route=\/wp\/v2\/posts\/237816\/revisions"}],"wp:featuredmedia":[{"embeddable":true,"href":"https:\/\/archive.sana.sy\/tr\/index.php?rest_route=\/wp\/v2\/media\/237817"}],"wp:attachment":[{"href":"https:\/\/archive.sana.sy\/tr\/index.php?rest_route=%2Fwp%2Fv2%2Fmedia&parent=237816"}],"wp:term":[{"taxonomy":"category","embeddable":true,"href":"https:\/\/archive.sana.sy\/tr\/index.php?rest_route=%2Fwp%2Fv2%2Fcategories&post=237816"},{"taxonomy":"post_tag","embeddable":true,"href":"https:\/\/archive.sana.sy\/tr\/index.php?rest_route=%2Fwp%2Fv2%2Ftags&post=237816"}],"curies":[{"name":"wp","href":"https:\/\/api.w.org\/{rel}","templated":true}]}}