{"id":237879,"date":"2021-06-21T22:50:16","date_gmt":"2021-06-21T19:50:16","guid":{"rendered":"http:\/\/107.6.182.27\/tr\/?p=237879"},"modified":"2021-06-22T16:45:01","modified_gmt":"2021-06-22T13:45:01","slug":"filistinli-cibril-12-gununde-suriye-topraklarina-yonelik-amerikan-ve-turk-ihlallerini-aclik-greviyle-protesto-ediyor","status":"publish","type":"post","link":"https:\/\/archive.sana.sy\/tr\/?p=237879","title":{"rendered":"Filistinli Cibril 12. G\u00fcn\u00fcnde, Suriye Topraklar\u0131na Y\u00f6nelik Amerikan Ve T\u00fcrk \u0130hlallerini A\u00e7l\u0131k Greviyle Protesto Ediyor"},"content":{"rendered":"<p style=\"text-align: justify;\">\u015eAM &#8211; Filistinli Ahmed Cibril Faris Cibril, ABD ve T\u00fcrkiye&#8217;nin Suriye&#8217;deki baz\u0131 topraklar\u0131 i\u015fgal etmesi ve do\u011fal kaynaklar\u0131n\u0131 \u00e7almalar\u0131n\u0131 protesto etmek amac\u0131yla \u015eam&#8217;\u0131n Mezze b\u00f6lgesindeki Birle\u015fmi\u015f Milletler \u00c7ocuklara Yard\u0131m Fonu &#8220;UNICEF&#8221; ofisinin \u00f6n\u00fcnde d\u00fczenledi\u011fi a\u00e7l\u0131k grevine art arda on ikinci g\u00fcnde devam ediyor.<\/p>\n<p style=\"text-align: justify;\">Cibril, SANA muhabirine yapt\u0131\u011f\u0131 a\u00e7\u0131klamada, Suriye halk\u0131na y\u00f6nelik haks\u0131z ku\u015fatman\u0131n kald\u0131r\u0131lmas\u0131 gere\u011fini talep eden grevinin, amac\u0131n\u0131n uluslararas\u0131 toplumun dikkatini \u00e7ekmek ve Suriye&#8217;ye kar\u015f\u0131 uyarmak oldu\u011fu i\u00e7in yar\u0131n sabah sona erece\u011fini hedefinin ise uluslararas\u0131 toplumun dikkatini, Suriye&#8217;nin akaryak\u0131t, bu\u011fday ve di\u011fer kaynaklar\u0131n\u0131n Amerikan ve T\u00fcrk i\u015fgalleri taraf\u0131ndan \u00e7ald\u0131klar\u0131na \u00e7ekmek oldu\u011funu s\u00f6yledi.<\/p>\n<p style=\"text-align: justify;\">12 g\u00fcnl\u00fck grev deneyimiyle ilgili olarak da Cibril, a\u00e7l\u0131k grevi deneyiminin birka\u00e7 a\u015famadan meydana geldi\u011fini, en zorunun ilk \u00fc\u00e7 g\u00fcn oldu\u011funu, ancak halk\u0131n deste\u011fi ve onunla dayan\u0131\u015fmas\u0131n\u0131n kendisine devam etmesi i\u00e7in ivme ve destek verdi\u011fini a\u00e7\u0131klad\u0131.<\/p>\n<p style=\"text-align: justify;\">Cibril gen\u00e7leri, istedikleri mesajlar\u0131 d\u00fcnyaya iletecek olan grevler yoluyla reddetmenin t\u00fcrl\u00fc yollar\u0131 kanal\u0131yla Amerikan ve T\u00fcrk i\u015fgalleriyle uygulamalar\u0131n\u0131 reddetmeye \u00e7a\u011f\u0131rd\u0131.<\/p>\n","protected":false},"excerpt":{"rendered":"<p>\u015eAM &#8211; Filistinli Ahmed Cibril Faris Cibril, ABD ve T\u00fcrkiye&#8217;nin Suriye&#8217;deki baz\u0131 topraklar\u0131 i\u015fgal etmesi ve do\u011fal kaynaklar\u0131n\u0131 \u00e7almalar\u0131n\u0131 protesto etmek amac\u0131yla \u015eam&#8217;\u0131n Mezze b\u00f6lgesindeki Birle\u015fmi\u015f Milletler \u00c7ocuklara Yard\u0131m Fonu &#8220;UNICEF&#8221; ofisinin \u00f6n\u00fcnde d\u00fczenledi\u011fi a\u00e7l\u0131k grevine art arda on ikinci g\u00fcnde devam ediyor. Cibril, SANA muhabirine yapt\u0131\u011f\u0131 a\u00e7\u0131klamada, Suriye halk\u0131na y\u00f6nelik haks\u0131z ku\u015fatman\u0131n kald\u0131r\u0131lmas\u0131 gere\u011fini &hellip;<\/p>\n","protected":false},"author":1,"featured_media":237880,"comment_status":"closed","ping_status":"closed","sticky":false,"template":"","format":"standard","meta":{"footnotes":""},"categories":[479,17988,478],"tags":[],"class_list":["post-237879","post","type-post","status-publish","format-standard","has-post-thumbnail","","category-haberler-yerel","category-son-haberler","category-yerel"],"_links":{"self":[{"href":"https:\/\/archive.sana.sy\/tr\/index.php?rest_route=\/wp\/v2\/posts\/237879","targetHints":{"allow":["GET"]}}],"collection":[{"href":"https:\/\/archive.sana.sy\/tr\/index.php?rest_route=\/wp\/v2\/posts"}],"about":[{"href":"https:\/\/archive.sana.sy\/tr\/index.php?rest_route=\/wp\/v2\/types\/post"}],"author":[{"embeddable":true,"href":"https:\/\/archive.sana.sy\/tr\/index.php?rest_route=\/wp\/v2\/users\/1"}],"replies":[{"embeddable":true,"href":"https:\/\/archive.sana.sy\/tr\/index.php?rest_route=%2Fwp%2Fv2%2Fcomments&post=237879"}],"version-history":[{"count":0,"href":"https:\/\/archive.sana.sy\/tr\/index.php?rest_route=\/wp\/v2\/posts\/237879\/revisions"}],"wp:featuredmedia":[{"embeddable":true,"href":"https:\/\/archive.sana.sy\/tr\/index.php?rest_route=\/wp\/v2\/media\/237880"}],"wp:attachment":[{"href":"https:\/\/archive.sana.sy\/tr\/index.php?rest_route=%2Fwp%2Fv2%2Fmedia&parent=237879"}],"wp:term":[{"taxonomy":"category","embeddable":true,"href":"https:\/\/archive.sana.sy\/tr\/index.php?rest_route=%2Fwp%2Fv2%2Fcategories&post=237879"},{"taxonomy":"post_tag","embeddable":true,"href":"https:\/\/archive.sana.sy\/tr\/index.php?rest_route=%2Fwp%2Fv2%2Ftags&post=237879"}],"curies":[{"name":"wp","href":"https:\/\/api.w.org\/{rel}","templated":true}]}}