{"id":238024,"date":"2021-06-24T08:40:04","date_gmt":"2021-06-24T05:40:04","guid":{"rendered":"http:\/\/107.6.182.27\/tr\/?p=238024"},"modified":"2021-06-25T08:53:57","modified_gmt":"2021-06-25T05:53:57","slug":"turk-isgalinden-destekli-teror-gruplari-arasindaki-catismalar-alevlendi-2","status":"publish","type":"post","link":"https:\/\/archive.sana.sy\/tr\/?p=238024","title":{"rendered":"T\u00fcrk \u0130\u015fgalinden Destekli Ter\u00f6r Gruplar\u0131 Aras\u0131ndaki \u00c7at\u0131\u015fmalar Alevlendi"},"content":{"rendered":"<p>HASEKE \u2013 Haseke k\u0131rsal\u0131n\u0131n kuzeybat\u0131s\u0131nda i\u015fgal alt\u0131ndaki Rasul Ayn kentinde, T\u00fcrk i\u015fgal g\u00fc\u00e7lerinin kiral\u0131klar\u0131 aras\u0131nda \u00e7\u0131kan \u00e7at\u0131\u015fmalar sonucunda birka\u00e7 ter\u00f6rist yaraland\u0131.<\/p>\n<p>Yerel kaynaklar SANA muhabirine, Rasul Ayn kentinin \u00e7e\u015fitli mahallelerinde ve ana yollar\u0131nda T\u00fcrk i\u015fgal g\u00fc\u00e7leri taraf\u0131ndan desteklenen ter\u00f6r gruplar\u0131 aras\u0131nda hafif ve orta silahlarla \u00e7\u0131kan \u00e7at\u0131\u015fmalar sonucunda birka\u00e7 silahl\u0131n\u0131n yaraland\u0131\u011f\u0131n\u0131 belirtti.<\/p>\n<p>\u00c7eviri: M.Y<\/p>\n","protected":false},"excerpt":{"rendered":"<p>HASEKE \u2013 Haseke k\u0131rsal\u0131n\u0131n kuzeybat\u0131s\u0131nda i\u015fgal alt\u0131ndaki Rasul Ayn kentinde, T\u00fcrk i\u015fgal g\u00fc\u00e7lerinin kiral\u0131klar\u0131 aras\u0131nda \u00e7\u0131kan \u00e7at\u0131\u015fmalar sonucunda birka\u00e7 ter\u00f6rist yaraland\u0131. Yerel kaynaklar SANA muhabirine, Rasul Ayn kentinin \u00e7e\u015fitli mahallelerinde ve ana yollar\u0131nda T\u00fcrk i\u015fgal g\u00fc\u00e7leri taraf\u0131ndan desteklenen ter\u00f6r gruplar\u0131 aras\u0131nda hafif ve orta silahlarla \u00e7\u0131kan \u00e7at\u0131\u015fmalar sonucunda birka\u00e7 silahl\u0131n\u0131n yaraland\u0131\u011f\u0131n\u0131 belirtti. \u00c7eviri: M.Y<\/p>\n","protected":false},"author":36,"featured_media":238025,"comment_status":"closed","ping_status":"closed","sticky":false,"template":"","format":"standard","meta":{"footnotes":""},"categories":[479,575,17988,2554,2555,478],"tags":[],"class_list":["post-238024","post","type-post","status-publish","format-standard","has-post-thumbnail","","category-haberler-yerel","category-olaylar-ve-gercekler","category-son-haberler","category-suriye-ve-dunya","category-suriye-ve-turkiye","category-yerel"],"_links":{"self":[{"href":"https:\/\/archive.sana.sy\/tr\/index.php?rest_route=\/wp\/v2\/posts\/238024","targetHints":{"allow":["GET"]}}],"collection":[{"href":"https:\/\/archive.sana.sy\/tr\/index.php?rest_route=\/wp\/v2\/posts"}],"about":[{"href":"https:\/\/archive.sana.sy\/tr\/index.php?rest_route=\/wp\/v2\/types\/post"}],"author":[{"embeddable":true,"href":"https:\/\/archive.sana.sy\/tr\/index.php?rest_route=\/wp\/v2\/users\/36"}],"replies":[{"embeddable":true,"href":"https:\/\/archive.sana.sy\/tr\/index.php?rest_route=%2Fwp%2Fv2%2Fcomments&post=238024"}],"version-history":[{"count":0,"href":"https:\/\/archive.sana.sy\/tr\/index.php?rest_route=\/wp\/v2\/posts\/238024\/revisions"}],"wp:featuredmedia":[{"embeddable":true,"href":"https:\/\/archive.sana.sy\/tr\/index.php?rest_route=\/wp\/v2\/media\/238025"}],"wp:attachment":[{"href":"https:\/\/archive.sana.sy\/tr\/index.php?rest_route=%2Fwp%2Fv2%2Fmedia&parent=238024"}],"wp:term":[{"taxonomy":"category","embeddable":true,"href":"https:\/\/archive.sana.sy\/tr\/index.php?rest_route=%2Fwp%2Fv2%2Fcategories&post=238024"},{"taxonomy":"post_tag","embeddable":true,"href":"https:\/\/archive.sana.sy\/tr\/index.php?rest_route=%2Fwp%2Fv2%2Ftags&post=238024"}],"curies":[{"name":"wp","href":"https:\/\/api.w.org\/{rel}","templated":true}]}}