{"id":238152,"date":"2021-06-25T23:28:43","date_gmt":"2021-06-25T20:28:43","guid":{"rendered":"http:\/\/107.6.182.27\/tr\/?p=238152"},"modified":"2021-06-29T16:32:27","modified_gmt":"2021-06-29T13:32:27","slug":"ikinci-ayinda-isgalci-turkiyenin-suclari-1-milyon-hasekeliyi-susuzlukla-tehdit-ediyor","status":"publish","type":"post","link":"https:\/\/archive.sana.sy\/tr\/?p=238152","title":{"rendered":"\u0130kinci Ay\u0131nda.. \u0130\u015fgalci T\u00fcrkiye&#8217;nin Su\u00e7lar\u0131 1 Milyon Hasekeliyi Susuzlukla Tehdit Ediyor"},"content":{"rendered":"<p style=\"text-align: justify;\">HASEKE \u2013 \u0130\u015fgalci T\u00fcrkiye&#8217;nin Rasul Ayn b\u00f6lgesindeki Alluk istasyonundan su pompalanmas\u0131n\u0131 kontrol ederek iki ay \u00fcst \u00fcste kontrol\u00fcn\u00fcn devam etmesi \u0131\u015f\u0131\u011f\u0131nda Haseke \u015fehri halk\u0131n\u0131n i\u00e7me suyunu g\u00fcvence alt\u0131na alman\u0131n tek yolu tankerler haline geldi. Haseke&#8217;nin kuzeybat\u0131s\u0131nda ve ter\u00f6r \u00f6rg\u00fctlerinden kiral\u0131klar\u0131, pompay\u0131 besleyen elektrik \u015febekesini kontrol edip sabote ederek, susuzluk tehlikesini Haseke ve k\u0131rsal\u0131nda bir milyondan fazla vatanda\u015f\u0131 tehdit ediyor.<\/p>\n<p style=\"text-align: justify;\">Al Aziziye mahallesinden gen\u00e7 Cemil, &#8220;bu ger\u00e7eklikten b\u0131kt\u0131\u011f\u0131m\u0131z\u0131 ve sorunu \u00e7\u00f6zmemiz gerekti\u011fini s\u00f6yl\u00fcyor, \u00e7\u00fcnk\u00fc y\u00fcksek s\u0131cakl\u0131klardaki b\u00fcy\u00fck su t\u00fcketiminin \u0131\u015f\u0131\u011f\u0131nda tanklar sorunu \u00e7\u00f6zm\u00fcyor ve i\u00e7me suyunun g\u00fcvence alt\u0131na al\u0131nmas\u0131 bir sorun haline geldi. T\u00fcrk i\u015fgalcileri ve \u00e7etelerinin i\u015fledi\u011fi su\u00e7lar nedeniyle pek \u00e7ok hizmetten yoksun kalan, elektrik ve su sekt\u00f6r\u00fcn\u00fc hedef alan Haseke \u015fehrinin halk\u0131na b\u00fcy\u00fck y\u00fckt\u00fcr&#8221; dedi.<\/p>\n<p style=\"text-align: justify;\">Guveyran mahallesi sakinlerinden Ebu Bedir, halk\u0131n bir yanda DSG milislerinin ihlal ve uygulamalar\u0131ndan, di\u011fer yanda T\u00fcrk i\u015fgalcinin su\u00e7lulu\u011fundan muzdarip oldu\u011funu s\u00f6yl\u00fcyor.<\/p>\n<p style=\"text-align: justify;\">Al Zuhur mahallesinden Ahmed, tanklardan su kolayca temin edilemedi\u011fi ve fiyatlar\u0131n vatanda\u015f\u0131n g\u00fcc\u00fc i\u00e7in \u00e7ok y\u00fcksek oldu\u011fu i\u00e7in insanlar\u0131n b\u00fcy\u00fck bir sorun i\u00e7inde oldu\u011funu s\u00f6yl\u00fcyor.<\/p>\n<p style=\"text-align: justify;\">Meridyen mahallesinden Bessam Halil, mahallenin pompaj hatlar\u0131n\u0131n sonunda olmas\u0131 nedeniyle baz\u0131 ki\u015filerin tesisin pompalama suyundan faydalanmad\u0131\u011f\u0131n\u0131, baz\u0131lar\u0131n\u0131n ise i\u00e7me suyu ihtiya\u00e7lar\u0131n\u0131 tam olarak kar\u015f\u0131lamak i\u00e7in tankerlerden su almaya ba\u011f\u0131ml\u0131 hale geldi\u011fini belirterek, \u00f6zel tankerlerin vatanda\u015flar\u0131n ihtiya\u00e7lar\u0131n\u0131 suistimal etmesi sonucu halka mali y\u00fck getirdi\u011fine i\u015faret etti.<\/p>\n<p style=\"text-align: justify;\">Su Kurumu M\u00fcd\u00fcr\u00fc M\u00fchendis Mahmud Al Ukla, SANA muhabirine yapt\u0131\u011f\u0131 a\u00e7\u0131klamada, Haseke \u015fehri ve \u00e7evresini ve bat\u0131 k\u0131rsal\u0131n\u0131 besleyen Alluk projesinin i\u015fgalci T\u00fcrkiye&#8217;nin su\u00e7lar\u0131 nedeniyle hala minimum seviyelerde \u00e7al\u0131\u015ft\u0131\u011f\u0131n\u0131 ve onu besleyen 34 kuyudan sadece bir pompan\u0131n \u00e7al\u0131\u015ft\u0131\u011f\u0131na dikkat \u00e7ekti.<\/p>\n<p style=\"text-align: justify;\">Al Ukla, Alluk istasyonundan \u00fcretilen az miktardaki suyun toplanarak her sekt\u00f6r i\u00e7in be\u015fer g\u00fcnl\u00fck bir s\u00fcre boyunca abonelere pompaland\u0131\u011f\u0131n\u0131 belirterek, Haseke \u015fehri ve bat\u0131 k\u0131rsal\u0131n\u0131n be\u015f besleme sekt\u00f6r\u00fcne ayr\u0131ld\u0131\u011f\u0131n\u0131 sular\u0131n abonelere ancak 25 g\u00fcnde bir geldi\u011fini ve vatanda\u015flar\u0131n ihtiya\u00e7lar\u0131n\u0131 kar\u015f\u0131lamad\u0131\u011f\u0131n\u0131 kaydetti.<\/p>\n","protected":false},"excerpt":{"rendered":"<p>HASEKE \u2013 \u0130\u015fgalci T\u00fcrkiye&#8217;nin Rasul Ayn b\u00f6lgesindeki Alluk istasyonundan su pompalanmas\u0131n\u0131 kontrol ederek iki ay \u00fcst \u00fcste kontrol\u00fcn\u00fcn devam etmesi \u0131\u015f\u0131\u011f\u0131nda Haseke \u015fehri halk\u0131n\u0131n i\u00e7me suyunu g\u00fcvence alt\u0131na alman\u0131n tek yolu tankerler haline geldi. Haseke&#8217;nin kuzeybat\u0131s\u0131nda ve ter\u00f6r \u00f6rg\u00fctlerinden kiral\u0131klar\u0131, pompay\u0131 besleyen elektrik \u015febekesini kontrol edip sabote ederek, susuzluk tehlikesini Haseke ve k\u0131rsal\u0131nda bir milyondan &hellip;<\/p>\n","protected":false},"author":1,"featured_media":238153,"comment_status":"closed","ping_status":"closed","sticky":false,"template":"","format":"standard","meta":{"footnotes":""},"categories":[479,575,17988,478],"tags":[],"class_list":["post-238152","post","type-post","status-publish","format-standard","has-post-thumbnail","","category-haberler-yerel","category-olaylar-ve-gercekler","category-son-haberler","category-yerel"],"_links":{"self":[{"href":"https:\/\/archive.sana.sy\/tr\/index.php?rest_route=\/wp\/v2\/posts\/238152","targetHints":{"allow":["GET"]}}],"collection":[{"href":"https:\/\/archive.sana.sy\/tr\/index.php?rest_route=\/wp\/v2\/posts"}],"about":[{"href":"https:\/\/archive.sana.sy\/tr\/index.php?rest_route=\/wp\/v2\/types\/post"}],"author":[{"embeddable":true,"href":"https:\/\/archive.sana.sy\/tr\/index.php?rest_route=\/wp\/v2\/users\/1"}],"replies":[{"embeddable":true,"href":"https:\/\/archive.sana.sy\/tr\/index.php?rest_route=%2Fwp%2Fv2%2Fcomments&post=238152"}],"version-history":[{"count":0,"href":"https:\/\/archive.sana.sy\/tr\/index.php?rest_route=\/wp\/v2\/posts\/238152\/revisions"}],"wp:featuredmedia":[{"embeddable":true,"href":"https:\/\/archive.sana.sy\/tr\/index.php?rest_route=\/wp\/v2\/media\/238153"}],"wp:attachment":[{"href":"https:\/\/archive.sana.sy\/tr\/index.php?rest_route=%2Fwp%2Fv2%2Fmedia&parent=238152"}],"wp:term":[{"taxonomy":"category","embeddable":true,"href":"https:\/\/archive.sana.sy\/tr\/index.php?rest_route=%2Fwp%2Fv2%2Fcategories&post=238152"},{"taxonomy":"post_tag","embeddable":true,"href":"https:\/\/archive.sana.sy\/tr\/index.php?rest_route=%2Fwp%2Fv2%2Ftags&post=238152"}],"curies":[{"name":"wp","href":"https:\/\/api.w.org\/{rel}","templated":true}]}}