{"id":238226,"date":"2021-06-28T11:08:31","date_gmt":"2021-06-28T08:08:31","guid":{"rendered":"http:\/\/107.6.182.27\/tr\/?p=238226"},"modified":"2021-06-29T18:14:04","modified_gmt":"2021-06-29T15:14:04","slug":"detrezzor-kirsali-irak-sinir-bolgesinde-amerikan-hava-saldirisi","status":"publish","type":"post","link":"https:\/\/archive.sana.sy\/tr\/?p=238226","title":{"rendered":"Deyrezzor K\u0131rsal\u0131 Irak S\u0131n\u0131r B\u00f6lgesinde Amerikan Hava Sald\u0131r\u0131s\u0131"},"content":{"rendered":"<p style=\"text-align: justify;\">DEYREZZOR &#8211; Deyrezzor&#8217;un uzak do\u011fu k\u0131rsal\u0131ndaki Irak s\u0131n\u0131r b\u00f6lgesi, gece yar\u0131s\u0131ndan sonra sava\u015f u\u00e7aklar\u0131n\u0131n hava sald\u0131r\u0131s\u0131na maruz kalmas\u0131 sonucu bir \u00e7ocuk \u00f6ld\u00fc, 3 sivil yaraland\u0131.<\/p>\n<p style=\"text-align: justify;\">Deyrezzor&#8217;daki SANA muhabiri, sivil kaynaklardan naklen, bu sabah saat bir sular\u0131nda, Albukamal k\u0131rsal\u0131nda Suriye-Irak s\u0131n\u0131r\u0131 yak\u0131nlar\u0131ndaki konut evlerine Amerikan oldu\u011fu san\u0131lan bir sava\u015f u\u00e7a\u011f\u0131n\u0131n f\u00fczelerle sald\u0131rd\u0131\u011f\u0131n\u0131 belirtti.<\/p>\n<p style=\"text-align: justify;\">Muhabir, kaynaklara g\u00f6re sald\u0131r\u0131 sonucunda bir \u00e7ocu\u011fun \u00f6l\u00fcm\u00fcne, 3 sivilin yaralanmas\u0131na ve maddi hasara yol a\u00e7t\u0131\u011f\u0131na dikkat \u00e7ekti.<\/p>\n","protected":false},"excerpt":{"rendered":"<p>DEYREZZOR &#8211; Deyrezzor&#8217;un uzak do\u011fu k\u0131rsal\u0131ndaki Irak s\u0131n\u0131r b\u00f6lgesi, gece yar\u0131s\u0131ndan sonra sava\u015f u\u00e7aklar\u0131n\u0131n hava sald\u0131r\u0131s\u0131na maruz kalmas\u0131 sonucu bir \u00e7ocuk \u00f6ld\u00fc, 3 sivil yaraland\u0131. Deyrezzor&#8217;daki SANA muhabiri, sivil kaynaklardan naklen, bu sabah saat bir sular\u0131nda, Albukamal k\u0131rsal\u0131nda Suriye-Irak s\u0131n\u0131r\u0131 yak\u0131nlar\u0131ndaki konut evlerine Amerikan oldu\u011fu san\u0131lan bir sava\u015f u\u00e7a\u011f\u0131n\u0131n f\u00fczelerle sald\u0131rd\u0131\u011f\u0131n\u0131 belirtti. Muhabir, kaynaklara g\u00f6re &hellip;<\/p>\n","protected":false},"author":1,"featured_media":238227,"comment_status":"closed","ping_status":"closed","sticky":false,"template":"","format":"standard","meta":{"footnotes":""},"categories":[479,575,17988,478],"tags":[],"class_list":["post-238226","post","type-post","status-publish","format-standard","has-post-thumbnail","","category-haberler-yerel","category-olaylar-ve-gercekler","category-son-haberler","category-yerel"],"_links":{"self":[{"href":"https:\/\/archive.sana.sy\/tr\/index.php?rest_route=\/wp\/v2\/posts\/238226","targetHints":{"allow":["GET"]}}],"collection":[{"href":"https:\/\/archive.sana.sy\/tr\/index.php?rest_route=\/wp\/v2\/posts"}],"about":[{"href":"https:\/\/archive.sana.sy\/tr\/index.php?rest_route=\/wp\/v2\/types\/post"}],"author":[{"embeddable":true,"href":"https:\/\/archive.sana.sy\/tr\/index.php?rest_route=\/wp\/v2\/users\/1"}],"replies":[{"embeddable":true,"href":"https:\/\/archive.sana.sy\/tr\/index.php?rest_route=%2Fwp%2Fv2%2Fcomments&post=238226"}],"version-history":[{"count":0,"href":"https:\/\/archive.sana.sy\/tr\/index.php?rest_route=\/wp\/v2\/posts\/238226\/revisions"}],"wp:featuredmedia":[{"embeddable":true,"href":"https:\/\/archive.sana.sy\/tr\/index.php?rest_route=\/wp\/v2\/media\/238227"}],"wp:attachment":[{"href":"https:\/\/archive.sana.sy\/tr\/index.php?rest_route=%2Fwp%2Fv2%2Fmedia&parent=238226"}],"wp:term":[{"taxonomy":"category","embeddable":true,"href":"https:\/\/archive.sana.sy\/tr\/index.php?rest_route=%2Fwp%2Fv2%2Fcategories&post=238226"},{"taxonomy":"post_tag","embeddable":true,"href":"https:\/\/archive.sana.sy\/tr\/index.php?rest_route=%2Fwp%2Fv2%2Ftags&post=238226"}],"curies":[{"name":"wp","href":"https:\/\/api.w.org\/{rel}","templated":true}]}}