{"id":238229,"date":"2021-06-28T12:03:03","date_gmt":"2021-06-28T09:03:03","guid":{"rendered":"http:\/\/107.6.182.27\/tr\/?p=238229"},"modified":"2021-06-29T18:14:09","modified_gmt":"2021-06-29T15:14:09","slug":"tahran-abdnin-suriye-ve-iraktaki-mevkilere-saldirisi-bolgedeki-gerilimi-artirmayi-amacliyor","status":"publish","type":"post","link":"https:\/\/archive.sana.sy\/tr\/?p=238229","title":{"rendered":"Amerika&#8217;n\u0131n Suriye Ve Irak Mevkilerine Sald\u0131rganl\u0131\u011f\u0131na Uluslararas\u0131 K\u0131namalar"},"content":{"rendered":"<p style=\"text-align: justify;\">TAHRAN \u2013 MOSKOVA \u2013 \u0130ran D\u0131\u015fi\u015fleri Bakanl\u0131\u011f\u0131, bug\u00fcn\u00fcn ilk saatlerinde Suriye ve Irak&#8217;taki b\u00f6lgelere y\u00f6nelik Amerikan sald\u0131rganl\u0131\u011f\u0131n\u0131n Amerikan k\u00fcstahl\u0131\u011f\u0131n\u0131n bir par\u00e7as\u0131 oldu\u011funu ve amac\u0131n\u0131n b\u00f6lgede gerilimi k\u0131z\u0131\u015ft\u0131rmak oldu\u011funu belirterek, yeni Amerikan y\u00f6netimini davran\u0131\u015f\u0131n\u0131 de\u011fi\u015ftirmeye, hatalar\u0131n\u0131 d\u00fczeltmeye ve b\u00f6lgeye y\u00f6nelik m\u00fcdahalelerini durdurmaya \u00e7a\u011f\u0131rd\u0131.<\/p>\n<p style=\"text-align: justify;\">\u0130ran D\u0131\u015fi\u015fleri Bakanl\u0131\u011f\u0131 S\u00f6zc\u00fcs\u00fc Said Hatipzade bug\u00fcn d\u00fczenledi\u011fi haftal\u0131k bas\u0131n toplant\u0131s\u0131nda, yeni ABD y\u00f6netimine b\u00f6lgedeki bu sald\u0131rgan davran\u0131\u015f\u0131 durdurmas\u0131n\u0131 ve halk\u0131n\u0131n i\u00e7i\u015flerine kar\u0131\u015fmamas\u0131n\u0131 tavsiye etti\u011fini s\u00f6yledi.<\/p>\n<p style=\"text-align: justify;\">Hatipzade, ABD y\u00f6netiminin hala yanl\u0131\u015f yolda y\u00fcr\u00fcd\u00fc\u011f\u00fcn\u00fc ve k\u00fcstahl\u0131\u011f\u0131na devam etti\u011fini bu y\u00fczden, b\u00f6lge halklar\u0131 i\u00e7in bir kriz ve sorun yaratmak yerine davran\u0131\u015flar\u0131n\u0131 de\u011fi\u015ftirmesini, \u00e7\u00fcnk\u00fc b\u00f6lge g\u00fcvenli\u011fini istikrars\u0131zla\u015ft\u0131rmas\u0131n\u0131n kendilerinin \u00e7\u0131kar\u0131na olmayaca\u011f\u0131n\u0131 vurgulad\u0131.<\/p>\n<p style=\"text-align: justify;\">Hatipzade, Ortado\u011fu b\u00f6lgesinin Siyonist i\u015fgal varl\u0131\u011f\u0131n\u0131n ortaya \u00e7\u0131k\u0131\u015f\u0131ndan bu yana bir\u00e7ok sorunla kar\u015f\u0131 kar\u015f\u0131ya oldu\u011funa dikkat \u00e7ekti.<\/p>\n<p style=\"text-align: justify;\"><span style=\"color: #0000ff;\">Rus Parlamenter: Her \u0130ki \u00dclkenin Birlik Ve Ba\u011f\u0131ms\u0131zl\u0131k \u0130lkelerine Y\u00f6nelik \u0130hlaldir<\/span><\/p>\n<p style=\"text-align: justify;\">Rusya Devlet Dumas\u0131 Savunma Komitesi Ba\u015fkan Yard\u0131mc\u0131s\u0131 Yuri \u015evetkin de, ABD&#8217;nin bug\u00fcn sabah saatlerinde Suriye ve Irak&#8217;taki b\u00f6lgelere hava sald\u0131r\u0131lar\u0131n\u0131n &#8220;d\u00fc\u015fmanc\u0131l bir eylem&#8221; oldu\u011funu belirtti.<\/p>\n<p style=\"text-align: justify;\">\u015evetkin bug\u00fcn Moskova&#8217;da gazetecilere verdi\u011fi deme\u00e7te, &#8220;ABD&#8217;nin bariz sald\u0131rganl\u0131\u011f\u0131n\u0131n iki \u00fclkenin, Suriye ve Irak&#8217;\u0131n birlik ve ba\u011f\u0131ms\u0131zl\u0131k ilkelerine y\u00f6nelik ihlali oldu\u011funu d\u00fc\u015f\u00fcn\u00fcyorum&#8221; diyerek, her iki \u00fclkenin i\u00e7i\u015flerine y\u00f6nelik a\u00e7\u0131k m\u00fcdahaleden ba\u015fka bir \u015fey olmad\u0131\u011f\u0131n\u0131 dile getirdi.<\/p>\n<p style=\"text-align: justify;\">\u015evetkin, sald\u0131rganl\u0131\u011f\u0131n herhangi bir me\u015fruiyeti olmayan ac\u0131mas\u0131z bir eylem oldu\u011funu vurgulad\u0131.<\/p>\n","protected":false},"excerpt":{"rendered":"<p>TAHRAN \u2013 MOSKOVA \u2013 \u0130ran D\u0131\u015fi\u015fleri Bakanl\u0131\u011f\u0131, bug\u00fcn\u00fcn ilk saatlerinde Suriye ve Irak&#8217;taki b\u00f6lgelere y\u00f6nelik Amerikan sald\u0131rganl\u0131\u011f\u0131n\u0131n Amerikan k\u00fcstahl\u0131\u011f\u0131n\u0131n bir par\u00e7as\u0131 oldu\u011funu ve amac\u0131n\u0131n b\u00f6lgede gerilimi k\u0131z\u0131\u015ft\u0131rmak oldu\u011funu belirterek, yeni Amerikan y\u00f6netimini davran\u0131\u015f\u0131n\u0131 de\u011fi\u015ftirmeye, hatalar\u0131n\u0131 d\u00fczeltmeye ve b\u00f6lgeye y\u00f6nelik m\u00fcdahalelerini durdurmaya \u00e7a\u011f\u0131rd\u0131. \u0130ran D\u0131\u015fi\u015fleri Bakanl\u0131\u011f\u0131 S\u00f6zc\u00fcs\u00fc Said Hatipzade bug\u00fcn d\u00fczenledi\u011fi haftal\u0131k bas\u0131n toplant\u0131s\u0131nda, yeni ABD &hellip;<\/p>\n","protected":false},"author":1,"featured_media":238230,"comment_status":"closed","ping_status":"closed","sticky":false,"template":"","format":"standard","meta":{"footnotes":""},"categories":[458,459,17988],"tags":[],"class_list":["post-238229","post","type-post","status-publish","format-standard","has-post-thumbnail","","category-dunya1","category-haberler-arap-uluslararasi-politika","category-son-haberler"],"_links":{"self":[{"href":"https:\/\/archive.sana.sy\/tr\/index.php?rest_route=\/wp\/v2\/posts\/238229","targetHints":{"allow":["GET"]}}],"collection":[{"href":"https:\/\/archive.sana.sy\/tr\/index.php?rest_route=\/wp\/v2\/posts"}],"about":[{"href":"https:\/\/archive.sana.sy\/tr\/index.php?rest_route=\/wp\/v2\/types\/post"}],"author":[{"embeddable":true,"href":"https:\/\/archive.sana.sy\/tr\/index.php?rest_route=\/wp\/v2\/users\/1"}],"replies":[{"embeddable":true,"href":"https:\/\/archive.sana.sy\/tr\/index.php?rest_route=%2Fwp%2Fv2%2Fcomments&post=238229"}],"version-history":[{"count":0,"href":"https:\/\/archive.sana.sy\/tr\/index.php?rest_route=\/wp\/v2\/posts\/238229\/revisions"}],"wp:featuredmedia":[{"embeddable":true,"href":"https:\/\/archive.sana.sy\/tr\/index.php?rest_route=\/wp\/v2\/media\/238230"}],"wp:attachment":[{"href":"https:\/\/archive.sana.sy\/tr\/index.php?rest_route=%2Fwp%2Fv2%2Fmedia&parent=238229"}],"wp:term":[{"taxonomy":"category","embeddable":true,"href":"https:\/\/archive.sana.sy\/tr\/index.php?rest_route=%2Fwp%2Fv2%2Fcategories&post=238229"},{"taxonomy":"post_tag","embeddable":true,"href":"https:\/\/archive.sana.sy\/tr\/index.php?rest_route=%2Fwp%2Fv2%2Ftags&post=238229"}],"curies":[{"name":"wp","href":"https:\/\/api.w.org\/{rel}","templated":true}]}}