{"id":238262,"date":"2021-06-29T14:10:19","date_gmt":"2021-06-29T11:10:19","guid":{"rendered":"http:\/\/107.6.182.27\/tr\/?p=238262"},"modified":"2021-06-30T17:42:09","modified_gmt":"2021-06-30T14:42:09","slug":"turk-isgali-ve-kiraliklari-tel-abyadin-civarindaki-koyleri-hedef-aldi","status":"publish","type":"post","link":"https:\/\/archive.sana.sy\/tr\/?p=238262","title":{"rendered":"T\u00fcrk \u0130\u015fgali ve Kiral\u0131klar\u0131 Tel Abyad&#8217;\u0131n Civar\u0131ndaki K\u00f6yleri Hedef Ald\u0131"},"content":{"rendered":"<p>RAKKA \u2013 T\u00fcrk i\u015fgali ve ter\u00f6r \u00f6rg\u00fctlerinden olu\u015fan kiral\u0131klar\u0131 g\u00fcvenli b\u00f6lgelere y\u00f6nelik sald\u0131r\u0131lar\u0131n\u0131 s\u00fcrd\u00fcrerek Rakka k\u0131rsal\u0131n\u0131n kuzeyindeki Tel Abyad Kenti\u2019nin civar\u0131nda yer alan k\u00f6ylerdeki sivil yerle\u015fim alanlar\u0131n\u0131 hedef ald\u0131.<\/p>\n<p>B\u00f6lge kaynaklar\u0131 SANA muhabirine, \u201c Tel Abyad Kenti\u2019nde konu\u015flu i\u015fgalci T\u00fcrk g\u00fc\u00e7lerinin ve kiral\u0131k ter\u00f6ristlerinin Zenubya ve Arida k\u00f6ylerindeki sivil yerle\u015fim alanlar\u0131na top ve f\u00fcze mermileriyle sald\u0131rd\u0131klar\u0131n\u0131\u201d belirtti.<\/p>\n<p>Kaynaklar, sald\u0131r\u0131 socunda bahsedilen k\u00f6ylerdeki \u00f6zel m\u00fclklerde maddi hasarlara yol a\u00e7\u0131ld\u0131\u011f\u0131na i\u015faret etti.<\/p>\n","protected":false},"excerpt":{"rendered":"<p>RAKKA \u2013 T\u00fcrk i\u015fgali ve ter\u00f6r \u00f6rg\u00fctlerinden olu\u015fan kiral\u0131klar\u0131 g\u00fcvenli b\u00f6lgelere y\u00f6nelik sald\u0131r\u0131lar\u0131n\u0131 s\u00fcrd\u00fcrerek Rakka k\u0131rsal\u0131n\u0131n kuzeyindeki Tel Abyad Kenti\u2019nin civar\u0131nda yer alan k\u00f6ylerdeki sivil yerle\u015fim alanlar\u0131n\u0131 hedef ald\u0131. B\u00f6lge kaynaklar\u0131 SANA muhabirine, \u201c Tel Abyad Kenti\u2019nde konu\u015flu i\u015fgalci T\u00fcrk g\u00fc\u00e7lerinin ve kiral\u0131k ter\u00f6ristlerinin Zenubya ve Arida k\u00f6ylerindeki sivil yerle\u015fim alanlar\u0131na top ve f\u00fcze mermileriyle &hellip;<\/p>\n","protected":false},"author":1,"featured_media":238263,"comment_status":"closed","ping_status":"closed","sticky":false,"template":"","format":"standard","meta":{"footnotes":""},"categories":[479,575,17988,2554,2555,478],"tags":[],"class_list":["post-238262","post","type-post","status-publish","format-standard","has-post-thumbnail","","category-haberler-yerel","category-olaylar-ve-gercekler","category-son-haberler","category-suriye-ve-dunya","category-suriye-ve-turkiye","category-yerel"],"_links":{"self":[{"href":"https:\/\/archive.sana.sy\/tr\/index.php?rest_route=\/wp\/v2\/posts\/238262","targetHints":{"allow":["GET"]}}],"collection":[{"href":"https:\/\/archive.sana.sy\/tr\/index.php?rest_route=\/wp\/v2\/posts"}],"about":[{"href":"https:\/\/archive.sana.sy\/tr\/index.php?rest_route=\/wp\/v2\/types\/post"}],"author":[{"embeddable":true,"href":"https:\/\/archive.sana.sy\/tr\/index.php?rest_route=\/wp\/v2\/users\/1"}],"replies":[{"embeddable":true,"href":"https:\/\/archive.sana.sy\/tr\/index.php?rest_route=%2Fwp%2Fv2%2Fcomments&post=238262"}],"version-history":[{"count":0,"href":"https:\/\/archive.sana.sy\/tr\/index.php?rest_route=\/wp\/v2\/posts\/238262\/revisions"}],"wp:featuredmedia":[{"embeddable":true,"href":"https:\/\/archive.sana.sy\/tr\/index.php?rest_route=\/wp\/v2\/media\/238263"}],"wp:attachment":[{"href":"https:\/\/archive.sana.sy\/tr\/index.php?rest_route=%2Fwp%2Fv2%2Fmedia&parent=238262"}],"wp:term":[{"taxonomy":"category","embeddable":true,"href":"https:\/\/archive.sana.sy\/tr\/index.php?rest_route=%2Fwp%2Fv2%2Fcategories&post=238262"},{"taxonomy":"post_tag","embeddable":true,"href":"https:\/\/archive.sana.sy\/tr\/index.php?rest_route=%2Fwp%2Fv2%2Ftags&post=238262"}],"curies":[{"name":"wp","href":"https:\/\/api.w.org\/{rel}","templated":true}]}}