{"id":238283,"date":"2021-06-29T12:55:43","date_gmt":"2021-06-29T09:55:43","guid":{"rendered":"http:\/\/107.6.182.27\/tr\/?p=238283"},"modified":"2021-06-30T17:42:01","modified_gmt":"2021-06-30T14:42:01","slug":"dsg-milislerinin-elindeki-el-hol-kampinda-2-kiz-sehit","status":"publish","type":"post","link":"https:\/\/archive.sana.sy\/tr\/?p=238283","title":{"rendered":"DSG Milislerinin Elindeki El Hol Kamp\u0131nda 2 K\u0131z \u015eehit"},"content":{"rendered":"<p>HASEKE \u2013 Amerikan i\u015fgal kuvvetlerince destekli DSG milislerinin elinde bulunan El Hol M\u00fclteci kamp\u0131nda, kamp\u0131n 5. B\u00f6l\u00fcm\u00fcnde \u00fczerlerine a\u00e7\u0131lan ate\u015f sonucunda 2 k\u0131z \u015fehit d\u00fc\u015ft\u00fc.<\/p>\n<p>Yerel kaynaklar SANA muhabirine a\u00e7\u0131klamalar\u0131nda, Haseke k\u0131rsal\u0131nda El Hol m\u00fclteci kamp\u0131n\u0131n be\u015finci b\u00f6l\u00fcm\u00fcnde, tabanca ile a\u00e7\u0131lan ate\u015f sonucunda iki k\u0131z karde\u015fin \u015fehit d\u00fc\u015ft\u00fc\u011f\u00fcn\u00fc, bu gibi olaylar\u0131n kampta s\u0131k ya\u015fand\u0131\u011f\u0131n\u0131 kampta kaos ve g\u00fcvenlik sorunular\u0131n\u0131n da ya\u015fand\u0131\u011f\u0131na dikkat \u00e7ektiler.<\/p>\n<p>S.\u015e.<\/p>\n","protected":false},"excerpt":{"rendered":"<p>HASEKE \u2013 Amerikan i\u015fgal kuvvetlerince destekli DSG milislerinin elinde bulunan El Hol M\u00fclteci kamp\u0131nda, kamp\u0131n 5. B\u00f6l\u00fcm\u00fcnde \u00fczerlerine a\u00e7\u0131lan ate\u015f sonucunda 2 k\u0131z \u015fehit d\u00fc\u015ft\u00fc. Yerel kaynaklar SANA muhabirine a\u00e7\u0131klamalar\u0131nda, Haseke k\u0131rsal\u0131nda El Hol m\u00fclteci kamp\u0131n\u0131n be\u015finci b\u00f6l\u00fcm\u00fcnde, tabanca ile a\u00e7\u0131lan ate\u015f sonucunda iki k\u0131z karde\u015fin \u015fehit d\u00fc\u015ft\u00fc\u011f\u00fcn\u00fc, bu gibi olaylar\u0131n kampta s\u0131k ya\u015fand\u0131\u011f\u0131n\u0131 kampta &hellip;<\/p>\n","protected":false},"author":1,"featured_media":238290,"comment_status":"closed","ping_status":"closed","sticky":false,"template":"","format":"standard","meta":{"footnotes":""},"categories":[479,575,17988,478],"tags":[],"class_list":["post-238283","post","type-post","status-publish","format-standard","has-post-thumbnail","","category-haberler-yerel","category-olaylar-ve-gercekler","category-son-haberler","category-yerel"],"_links":{"self":[{"href":"https:\/\/archive.sana.sy\/tr\/index.php?rest_route=\/wp\/v2\/posts\/238283","targetHints":{"allow":["GET"]}}],"collection":[{"href":"https:\/\/archive.sana.sy\/tr\/index.php?rest_route=\/wp\/v2\/posts"}],"about":[{"href":"https:\/\/archive.sana.sy\/tr\/index.php?rest_route=\/wp\/v2\/types\/post"}],"author":[{"embeddable":true,"href":"https:\/\/archive.sana.sy\/tr\/index.php?rest_route=\/wp\/v2\/users\/1"}],"replies":[{"embeddable":true,"href":"https:\/\/archive.sana.sy\/tr\/index.php?rest_route=%2Fwp%2Fv2%2Fcomments&post=238283"}],"version-history":[{"count":0,"href":"https:\/\/archive.sana.sy\/tr\/index.php?rest_route=\/wp\/v2\/posts\/238283\/revisions"}],"wp:featuredmedia":[{"embeddable":true,"href":"https:\/\/archive.sana.sy\/tr\/index.php?rest_route=\/wp\/v2\/media\/238290"}],"wp:attachment":[{"href":"https:\/\/archive.sana.sy\/tr\/index.php?rest_route=%2Fwp%2Fv2%2Fmedia&parent=238283"}],"wp:term":[{"taxonomy":"category","embeddable":true,"href":"https:\/\/archive.sana.sy\/tr\/index.php?rest_route=%2Fwp%2Fv2%2Fcategories&post=238283"},{"taxonomy":"post_tag","embeddable":true,"href":"https:\/\/archive.sana.sy\/tr\/index.php?rest_route=%2Fwp%2Fv2%2Ftags&post=238283"}],"curies":[{"name":"wp","href":"https:\/\/api.w.org\/{rel}","templated":true}]}}