{"id":238355,"date":"2021-06-30T19:06:48","date_gmt":"2021-06-30T16:06:48","guid":{"rendered":"http:\/\/107.6.182.27\/tr\/?p=238355"},"modified":"2021-07-01T15:06:44","modified_gmt":"2021-07-01T12:06:44","slug":"sabbag-ile-guney-afrika-buyukelcisi-gorusmesinde-iki-ulke-ve-halkin-yararina-parlamento-iliskilerinin-guclendirilmesini-tartisildi","status":"publish","type":"post","link":"https:\/\/archive.sana.sy\/tr\/?p=238355","title":{"rendered":"Sabba\u011f \u0130le G\u00fcney Afrika B\u00fcy\u00fckel\u00e7isi G\u00f6r\u00fc\u015fmesinde \u0130ki \u00dclke ve Halk\u0131n Yarar\u0131na Parlamento \u0130li\u015fkilerinin G\u00fc\u00e7lendirilmesini Tart\u0131\u015f\u0131ld\u0131"},"content":{"rendered":"<p>\u015eAM \u2013 Halk Meclisi Ba\u015fkan\u0131 Hammuda Sabba\u011f, G\u00fcney Afrika Cumhuriyeti&#8217;nin \u015eam B\u00fcy\u00fckel\u00e7isi Barry Philip Gilder ile bug\u00fcn yapt\u0131\u011f\u0131 g\u00f6r\u00fc\u015fmede, Halk Meclisi ile G\u00fcney Afrika&#8217;n\u0131n Ulusal Meclis aras\u0131ndaki ili\u015fkilerin iki dost \u00fclke ve halk\u0131n \u00e7\u0131kar\u0131na hizmet edecek \u015fekilde g\u00fc\u00e7lendirilmesi ve meclis heyetlerinin kar\u015f\u0131l\u0131kl\u0131 ziyaretlerinin etkinle\u015ftirilmesi gerekti\u011fini vurgulad\u0131.<\/p>\n<p><a href=\"http:\/\/107.6.182.27\/tr\/wp-content\/uploads\/2021\/06\/AMR_0700-scaled.jpg\"><img loading=\"lazy\" decoding=\"async\" class=\"alignright size-medium wp-image-238376\" src=\"http:\/\/107.6.182.27\/tr\/wp-content\/uploads\/2021\/06\/AMR_0700-300x200.jpg\" alt=\"\" width=\"300\" height=\"200\" srcset=\"https:\/\/archive.sana.sy\/tr\/wp-content\/uploads\/2021\/06\/AMR_0700-300x200.jpg 300w, https:\/\/archive.sana.sy\/tr\/wp-content\/uploads\/2021\/06\/AMR_0700-1024x683.jpg 1024w, https:\/\/archive.sana.sy\/tr\/wp-content\/uploads\/2021\/06\/AMR_0700-150x100.jpg 150w, https:\/\/archive.sana.sy\/tr\/wp-content\/uploads\/2021\/06\/AMR_0700-768x512.jpg 768w, https:\/\/archive.sana.sy\/tr\/wp-content\/uploads\/2021\/06\/AMR_0700-1536x1024.jpg 1536w, https:\/\/archive.sana.sy\/tr\/wp-content\/uploads\/2021\/06\/AMR_0700-2048x1365.jpg 2048w\" sizes=\"auto, (max-width: 300px) 100vw, 300px\" \/><\/a>G\u00f6r\u00fc\u015fmede Sabba\u011f, iki \u00fclkeyi birle\u015ftiren tarihi ili\u015fkilere ve Suriye&#8217;nin i\u00e7inde bulundu\u011fu durumun ger\u00e7e\u011finin G\u00fcney Afrika kamuoyuna a\u00e7\u0131klanmas\u0131 gere\u011fine de\u011findi. Sabba\u011f; Suriye&#8217;nin, G\u00fcney Afrika Cumhuriyeti halk\u0131n\u0131n ge\u00e7mi\u015fte apartheid rejimine kar\u015f\u0131 verdi\u011fi m\u00fccadeleyi \u00e7ok takdir etti\u011fini vurgulad\u0131.<\/p>\n<p>Buna kar\u015f\u0131l\u0131k Gilder, \u00fclkesinin Suriye&#8217;nin, \u00f6zellikle Birle\u015fmi\u015f Milletler arac\u0131l\u0131\u011f\u0131yla, G\u00fcney Afrika halk\u0131n\u0131n ve d\u00fcnya halklar\u0131n\u0131n s\u00f6m\u00fcrgecilik ve emperyalizm g\u00fc\u00e7lerine kar\u015f\u0131 m\u00fccadele hakk\u0131n\u0131 savunma s\u00fcrecindeki destekleyici duru\u015flar\u0131n\u0131 takdir etti\u011fini teyit etti.<\/p>\n<p>B\u00fcy\u00fckel\u00e7i Gilder, Suriye&#8217;de ya\u015fananlar\u0131n ger\u00e7ek y\u00fcz\u00fcn\u00fc \u00fclkesindeki kamuoyuna aktarmak i\u00e7in t\u00fcm \u00e7abalar\u0131yla \u00e7aba g\u00f6stermeye devam etti\u011fini belirterek, Bat\u0131l\u0131 medya kurulu\u015flar\u0131n\u0131n Suriye&#8217;deki ger\u00e7ekleri \u00e7arp\u0131tmak amac\u0131yla y\u00fcr\u00fctt\u00fc\u011f\u00fc yan\u0131lt\u0131c\u0131 operasyonlara i\u015faret ederek, ayn\u0131 zamanda, sahada yak\u0131ndan takip etti\u011fi Suriye&#8217;deki son cumhurba\u015fkanl\u0131\u011f\u0131 se\u00e7imlerine hayranl\u0131\u011f\u0131n\u0131 dile getirdi.<\/p>\n<p>P.M.<\/p>\n<div id='gallery-1' class='gallery galleryid-238355 gallery-columns-3 gallery-size-full'><figure class='gallery-item'>\n\t\t\t<div class='gallery-icon landscape'>\n\t\t\t\t<a href='https:\/\/archive.sana.sy\/tr\/wp-content\/uploads\/2021\/06\/AMR_0692-scaled.jpg'><img loading=\"lazy\" decoding=\"async\" width=\"2560\" height=\"1568\" src=\"https:\/\/archive.sana.sy\/tr\/wp-content\/uploads\/2021\/06\/AMR_0692-scaled.jpg\" class=\"attachment-full size-full\" alt=\"\" srcset=\"https:\/\/archive.sana.sy\/tr\/wp-content\/uploads\/2021\/06\/AMR_0692-scaled.jpg 2560w, https:\/\/archive.sana.sy\/tr\/wp-content\/uploads\/2021\/06\/AMR_0692-300x184.jpg 300w, https:\/\/archive.sana.sy\/tr\/wp-content\/uploads\/2021\/06\/AMR_0692-1024x627.jpg 1024w, https:\/\/archive.sana.sy\/tr\/wp-content\/uploads\/2021\/06\/AMR_0692-150x92.jpg 150w, https:\/\/archive.sana.sy\/tr\/wp-content\/uploads\/2021\/06\/AMR_0692-768x470.jpg 768w, https:\/\/archive.sana.sy\/tr\/wp-content\/uploads\/2021\/06\/AMR_0692-1536x941.jpg 1536w, https:\/\/archive.sana.sy\/tr\/wp-content\/uploads\/2021\/06\/AMR_0692-2048x1254.jpg 2048w\" sizes=\"auto, (max-width: 2560px) 100vw, 2560px\" \/><\/a>\n\t\t\t<\/div><\/figure><figure class='gallery-item'>\n\t\t\t<div class='gallery-icon landscape'>\n\t\t\t\t<a href='https:\/\/archive.sana.sy\/tr\/wp-content\/uploads\/2021\/06\/AMR_0703-scaled.jpg'><img loading=\"lazy\" decoding=\"async\" width=\"2560\" height=\"1626\" src=\"https:\/\/archive.sana.sy\/tr\/wp-content\/uploads\/2021\/06\/AMR_0703-scaled.jpg\" class=\"attachment-full size-full\" alt=\"\" srcset=\"https:\/\/archive.sana.sy\/tr\/wp-content\/uploads\/2021\/06\/AMR_0703-scaled.jpg 2560w, https:\/\/archive.sana.sy\/tr\/wp-content\/uploads\/2021\/06\/AMR_0703-300x191.jpg 300w, https:\/\/archive.sana.sy\/tr\/wp-content\/uploads\/2021\/06\/AMR_0703-1024x650.jpg 1024w, https:\/\/archive.sana.sy\/tr\/wp-content\/uploads\/2021\/06\/AMR_0703-150x95.jpg 150w, https:\/\/archive.sana.sy\/tr\/wp-content\/uploads\/2021\/06\/AMR_0703-768x488.jpg 768w, https:\/\/archive.sana.sy\/tr\/wp-content\/uploads\/2021\/06\/AMR_0703-1536x975.jpg 1536w, https:\/\/archive.sana.sy\/tr\/wp-content\/uploads\/2021\/06\/AMR_0703-2048x1301.jpg 2048w\" sizes=\"auto, (max-width: 2560px) 100vw, 2560px\" \/><\/a>\n\t\t\t<\/div><\/figure><figure class='gallery-item'>\n\t\t\t<div class='gallery-icon landscape'>\n\t\t\t\t<a href='https:\/\/archive.sana.sy\/tr\/wp-content\/uploads\/2021\/06\/AMR_0706-scaled.jpg'><img loading=\"lazy\" decoding=\"async\" width=\"2560\" height=\"1522\" src=\"https:\/\/archive.sana.sy\/tr\/wp-content\/uploads\/2021\/06\/AMR_0706-scaled.jpg\" class=\"attachment-full size-full\" alt=\"\" srcset=\"https:\/\/archive.sana.sy\/tr\/wp-content\/uploads\/2021\/06\/AMR_0706-scaled.jpg 2560w, https:\/\/archive.sana.sy\/tr\/wp-content\/uploads\/2021\/06\/AMR_0706-300x178.jpg 300w, https:\/\/archive.sana.sy\/tr\/wp-content\/uploads\/2021\/06\/AMR_0706-1024x609.jpg 1024w, https:\/\/archive.sana.sy\/tr\/wp-content\/uploads\/2021\/06\/AMR_0706-150x89.jpg 150w, https:\/\/archive.sana.sy\/tr\/wp-content\/uploads\/2021\/06\/AMR_0706-768x457.jpg 768w, https:\/\/archive.sana.sy\/tr\/wp-content\/uploads\/2021\/06\/AMR_0706-1536x913.jpg 1536w, https:\/\/archive.sana.sy\/tr\/wp-content\/uploads\/2021\/06\/AMR_0706-2048x1217.jpg 2048w\" sizes=\"auto, (max-width: 2560px) 100vw, 2560px\" \/><\/a>\n\t\t\t<\/div><\/figure>\n\t\t<\/div>\n\n","protected":false},"excerpt":{"rendered":"<p>\u015eAM \u2013 Halk Meclisi Ba\u015fkan\u0131 Hammuda Sabba\u011f, G\u00fcney Afrika Cumhuriyeti&#8217;nin \u015eam B\u00fcy\u00fckel\u00e7isi Barry Philip Gilder ile bug\u00fcn yapt\u0131\u011f\u0131 g\u00f6r\u00fc\u015fmede, Halk Meclisi ile G\u00fcney Afrika&#8217;n\u0131n Ulusal Meclis aras\u0131ndaki ili\u015fkilerin iki dost \u00fclke ve halk\u0131n \u00e7\u0131kar\u0131na hizmet edecek \u015fekilde g\u00fc\u00e7lendirilmesi ve meclis heyetlerinin kar\u015f\u0131l\u0131kl\u0131 ziyaretlerinin etkinle\u015ftirilmesi gerekti\u011fini vurgulad\u0131. G\u00f6r\u00fc\u015fmede Sabba\u011f, iki \u00fclkeyi birle\u015ftiren tarihi ili\u015fkilere ve Suriye&#8217;nin &hellip;<\/p>\n","protected":false},"author":1,"featured_media":238375,"comment_status":"closed","ping_status":"closed","sticky":false,"template":"","format":"standard","meta":{"footnotes":""},"categories":[596,479,17988,478],"tags":[],"class_list":["post-238355","post","type-post","status-publish","format-standard","has-post-thumbnail","","category-fotografli-raporlar","category-haberler-yerel","category-son-haberler","category-yerel"],"_links":{"self":[{"href":"https:\/\/archive.sana.sy\/tr\/index.php?rest_route=\/wp\/v2\/posts\/238355","targetHints":{"allow":["GET"]}}],"collection":[{"href":"https:\/\/archive.sana.sy\/tr\/index.php?rest_route=\/wp\/v2\/posts"}],"about":[{"href":"https:\/\/archive.sana.sy\/tr\/index.php?rest_route=\/wp\/v2\/types\/post"}],"author":[{"embeddable":true,"href":"https:\/\/archive.sana.sy\/tr\/index.php?rest_route=\/wp\/v2\/users\/1"}],"replies":[{"embeddable":true,"href":"https:\/\/archive.sana.sy\/tr\/index.php?rest_route=%2Fwp%2Fv2%2Fcomments&post=238355"}],"version-history":[{"count":0,"href":"https:\/\/archive.sana.sy\/tr\/index.php?rest_route=\/wp\/v2\/posts\/238355\/revisions"}],"wp:featuredmedia":[{"embeddable":true,"href":"https:\/\/archive.sana.sy\/tr\/index.php?rest_route=\/wp\/v2\/media\/238375"}],"wp:attachment":[{"href":"https:\/\/archive.sana.sy\/tr\/index.php?rest_route=%2Fwp%2Fv2%2Fmedia&parent=238355"}],"wp:term":[{"taxonomy":"category","embeddable":true,"href":"https:\/\/archive.sana.sy\/tr\/index.php?rest_route=%2Fwp%2Fv2%2Fcategories&post=238355"},{"taxonomy":"post_tag","embeddable":true,"href":"https:\/\/archive.sana.sy\/tr\/index.php?rest_route=%2Fwp%2Fv2%2Ftags&post=238355"}],"curies":[{"name":"wp","href":"https:\/\/api.w.org\/{rel}","templated":true}]}}