{"id":23837,"date":"2015-02-12T16:00:34","date_gmt":"2015-02-12T14:00:34","guid":{"rendered":"http:\/\/www.sana.sy\/tr\/?p=23837"},"modified":"2015-02-13T18:33:44","modified_gmt":"2015-02-13T16:33:44","slug":"ordu-birliklerimizin-zaferleri-dusman-saflarina-panik-ve-cokus-olarak-yansiyor","status":"publish","type":"post","link":"https:\/\/archive.sana.sy\/tr\/?p=23837","title":{"rendered":"Ordu Birliklerimizin Zaferleri D\u00fc\u015fman Saflar\u0131na Panik ve \u00c7\u00f6k\u00fc\u015f Olarak Yans\u0131yor"},"content":{"rendered":"<p>DERA \u2013 Ordu birliklerimizin \u015eam K\u0131rsal\u0131-Dera-Kunaytra b\u00f6lgelerinin bir araya geldi\u011fi noktada bulunan b\u00fct\u00fcn stratejik belde ve tepeleri kontrol alt\u0131na ald\u0131klar\u0131 zaferler, Siyonist olu\u015fum, i\u015fbirlik\u00e7i Arap ve Bat\u0131l\u0131 devletlere panik, \u00e7\u00f6k\u00fc\u015f, yalan iddialar, g\u00fcn\u00fc birlik de\u011fi\u015fen ithamlar ve kal\u0131n man\u015fetler \u015feklinde yans\u0131mas\u0131n\u0131 buluyor.<\/p>\n<p>Ordu birliklerimizin, Deyr el Ades, Deyr Maker ve el Denaci b\u00f6lgelerindeki b\u00fct\u00fcn ter\u00f6r kal\u0131nt\u0131lar\u0131n\u0131 temizledikten ve stratejik tepelere temel dayanak noktalar\u0131n\u0131 yerle\u015ftirdikten sonra Nusra Cephesi isimli ter\u00f6r \u00f6rg\u00fct\u00fcn\u00fcn internet \u00fczerindeki adreslerinde tekfirci ter\u00f6ristlere moral motivasyon ama\u00e7l\u0131 bir\u00e7ok yalan haber yay\u0131nlanmaya ba\u015fland\u0131.<\/p>\n<p>\u00d6yle ki \u00e7arp\u0131t\u0131lm\u0131\u015f ve yalan bilgilerden ibaret olan bu haberleri internette ba\u015fka ter\u00f6rist sayfalar taraf\u0131ndan bile yalanlayarak onlarca kiral\u0131k ter\u00f6ristin ve eleba\u015flar\u0131n\u0131n \u00f6ld\u00fc\u011f\u00fcn\u00fc itiraf ettiler.<\/p>\n<p>Tekfirci ter\u00f6ristlerin, sava\u015f meydanlar\u0131ndan internetteki sosyal payla\u015f\u0131m sitelerine s\u0131\u00e7rayan panik halleri Nusra Cephesinin sosyal payla\u015f\u0131m sitelerindeki sayfalar\u0131nda ter\u00f6ristlerin ya\u015fad\u0131klar\u0131 hezimete ili\u015fkin haberler yalanlan\u0131rken bu haberleri yay\u0131nlayanlar hain olarak lanse edildi.<\/p>\n<p>Di\u011fer taraftan uzun s\u00fcredir koruyan Siyonist olu\u015fum ise ter\u00f6ristlerin ard\u0131 arkas\u0131 gelmeyen hezimetleri kar\u015f\u0131s\u0131nda sessizli\u011fini bozarak tekfirci ter\u00f6r gruplar\u0131n\u0131 destekledi\u011fi itiraflar\u0131na bir yenisini ekledi.<\/p>\n<p>D\u00fc\u015fman Siyonist olu\u015fum televizyonunun 2. Kanal\u0131nda yay\u0131nlanan haberde, Suriye ordusunun son operasyonlarda sa\u011flad\u0131\u011f\u0131 ba\u015far\u0131n\u0131n \u0130srail\u2019in isteyebilece\u011fi son \u015fey oldu\u011fu ifade edilerek Suriye ordu birliklerinin h\u00fccumu s\u0131ras\u0131nda silahl\u0131 ter\u00f6r gruplar\u0131n\u0131n b\u00fcy\u00fck zorluklarla kar\u015f\u0131 kar\u015f\u0131ya kald\u0131klar\u0131 belirtildi.<\/p>\n<p>F.B. &#8211; M.M.<\/p>\n","protected":false},"excerpt":{"rendered":"<p>DERA \u2013 Ordu birliklerimizin \u015eam K\u0131rsal\u0131-Dera-Kunaytra b\u00f6lgelerinin bir araya geldi\u011fi noktada bulunan b\u00fct\u00fcn stratejik belde ve tepeleri kontrol alt\u0131na ald\u0131klar\u0131 zaferler, Siyonist olu\u015fum, i\u015fbirlik\u00e7i Arap ve Bat\u0131l\u0131 devletlere panik, \u00e7\u00f6k\u00fc\u015f, yalan iddialar, g\u00fcn\u00fc birlik de\u011fi\u015fen ithamlar ve kal\u0131n man\u015fetler \u015feklinde yans\u0131mas\u0131n\u0131 buluyor. Ordu birliklerimizin, Deyr el Ades, Deyr Maker ve el Denaci b\u00f6lgelerindeki b\u00fct\u00fcn ter\u00f6r &hellip;<\/p>\n","protected":false},"author":1,"featured_media":23838,"comment_status":"closed","ping_status":"closed","sticky":false,"template":"","format":"standard","meta":{"footnotes":""},"categories":[575],"tags":[11482,11479,11484,11481,11478,11480,11483],"class_list":["post-23837","post","type-post","status-publish","format-standard","has-post-thumbnail","","category-olaylar-ve-gercekler","tag-cokus","tag-dera-ordu-birliklerimizin-sam-kirsali-dera-kunaytra-bolgelerinin-bir-araya-geldigi-noktada-bulunan-butun-stratejik-belde-ve-tepeleri-kontrol-altina-aldiklari-zaferler","tag-gunu-birlik-degisen-ithamlar-ve-kalin-mansetler-seklinde-yansimasini-buluyor","tag-isbirlikci-arap-ve-batili-devletlere-panik","tag-ordu-birliklerimizin-zaferleri-dusman-saflarina-panik-ve-cokus-olarak-yansiyor","tag-siyonist-olusum","tag-yalan-iddialar"],"_links":{"self":[{"href":"https:\/\/archive.sana.sy\/tr\/index.php?rest_route=\/wp\/v2\/posts\/23837","targetHints":{"allow":["GET"]}}],"collection":[{"href":"https:\/\/archive.sana.sy\/tr\/index.php?rest_route=\/wp\/v2\/posts"}],"about":[{"href":"https:\/\/archive.sana.sy\/tr\/index.php?rest_route=\/wp\/v2\/types\/post"}],"author":[{"embeddable":true,"href":"https:\/\/archive.sana.sy\/tr\/index.php?rest_route=\/wp\/v2\/users\/1"}],"replies":[{"embeddable":true,"href":"https:\/\/archive.sana.sy\/tr\/index.php?rest_route=%2Fwp%2Fv2%2Fcomments&post=23837"}],"version-history":[{"count":0,"href":"https:\/\/archive.sana.sy\/tr\/index.php?rest_route=\/wp\/v2\/posts\/23837\/revisions"}],"wp:featuredmedia":[{"embeddable":true,"href":"https:\/\/archive.sana.sy\/tr\/index.php?rest_route=\/wp\/v2\/media\/23838"}],"wp:attachment":[{"href":"https:\/\/archive.sana.sy\/tr\/index.php?rest_route=%2Fwp%2Fv2%2Fmedia&parent=23837"}],"wp:term":[{"taxonomy":"category","embeddable":true,"href":"https:\/\/archive.sana.sy\/tr\/index.php?rest_route=%2Fwp%2Fv2%2Fcategories&post=23837"},{"taxonomy":"post_tag","embeddable":true,"href":"https:\/\/archive.sana.sy\/tr\/index.php?rest_route=%2Fwp%2Fv2%2Ftags&post=23837"}],"curies":[{"name":"wp","href":"https:\/\/api.w.org\/{rel}","templated":true}]}}