{"id":238441,"date":"2021-07-02T13:10:29","date_gmt":"2021-07-02T10:10:29","guid":{"rendered":"http:\/\/107.6.182.27\/tr\/?p=238441"},"modified":"2021-07-03T10:30:55","modified_gmt":"2021-07-03T07:30:55","slug":"hama-kirsalinda-bir-mayin-patladi-2-cocuk-yaralandi-2","status":"publish","type":"post","link":"https:\/\/archive.sana.sy\/tr\/?p=238441","title":{"rendered":"Hama K\u0131rsal\u0131nda Bir May\u0131n Patlad\u0131, 2 \u00c7ocuk Yaraland\u0131"},"content":{"rendered":"<p>HAMA \u2013 Hama k\u0131rsal\u0131n\u0131n do\u011fusunda yer alan el Selemiye kentindeki Kliyeb el Sevir beldsinde I\u015e\u0130D ter\u00f6r gruplar\u0131ndan kalan bir may\u0131n\u0131n patlamas\u0131 sonucunda 2 vatanda\u015f yaraland\u0131.<\/p>\n<p>SANA muhabiri, Selemiye k\u0131rsal\u0131n\u0131n do\u011fusunda yer alan Kliyeb el Sevir beldesinde, I\u015e\u0130D ter\u00f6r gruplar\u0131ndan kalan bir may\u0131n\u0131n patlamas\u0131 sonucunda 2 \u00e7ocu\u011fun yaraland\u0131\u011f\u0131n\u0131 beirtti.<\/p>\n<p>Muhabir, s\u00f6z konusu yaral\u0131 \u00e7ocuklar\u0131n, gerekli tedaviyi g\u00f6rmeleri i\u00e7in Selemiye Ulusal Hastanesine kald\u0131r\u0131ld\u0131klar\u0131na i\u015faret etti.<\/p>\n<p>\u00c7eviri: M.Y<\/p>\n","protected":false},"excerpt":{"rendered":"<p>HAMA \u2013 Hama k\u0131rsal\u0131n\u0131n do\u011fusunda yer alan el Selemiye kentindeki Kliyeb el Sevir beldsinde I\u015e\u0130D ter\u00f6r gruplar\u0131ndan kalan bir may\u0131n\u0131n patlamas\u0131 sonucunda 2 vatanda\u015f yaraland\u0131. SANA muhabiri, Selemiye k\u0131rsal\u0131n\u0131n do\u011fusunda yer alan Kliyeb el Sevir beldesinde, I\u015e\u0130D ter\u00f6r gruplar\u0131ndan kalan bir may\u0131n\u0131n patlamas\u0131 sonucunda 2 \u00e7ocu\u011fun yaraland\u0131\u011f\u0131n\u0131 beirtti. Muhabir, s\u00f6z konusu yaral\u0131 \u00e7ocuklar\u0131n, gerekli tedaviyi &hellip;<\/p>\n","protected":false},"author":36,"featured_media":238442,"comment_status":"closed","ping_status":"closed","sticky":false,"template":"","format":"standard","meta":{"footnotes":""},"categories":[479,575,17988,478],"tags":[],"class_list":["post-238441","post","type-post","status-publish","format-standard","has-post-thumbnail","","category-haberler-yerel","category-olaylar-ve-gercekler","category-son-haberler","category-yerel"],"_links":{"self":[{"href":"https:\/\/archive.sana.sy\/tr\/index.php?rest_route=\/wp\/v2\/posts\/238441","targetHints":{"allow":["GET"]}}],"collection":[{"href":"https:\/\/archive.sana.sy\/tr\/index.php?rest_route=\/wp\/v2\/posts"}],"about":[{"href":"https:\/\/archive.sana.sy\/tr\/index.php?rest_route=\/wp\/v2\/types\/post"}],"author":[{"embeddable":true,"href":"https:\/\/archive.sana.sy\/tr\/index.php?rest_route=\/wp\/v2\/users\/36"}],"replies":[{"embeddable":true,"href":"https:\/\/archive.sana.sy\/tr\/index.php?rest_route=%2Fwp%2Fv2%2Fcomments&post=238441"}],"version-history":[{"count":0,"href":"https:\/\/archive.sana.sy\/tr\/index.php?rest_route=\/wp\/v2\/posts\/238441\/revisions"}],"wp:featuredmedia":[{"embeddable":true,"href":"https:\/\/archive.sana.sy\/tr\/index.php?rest_route=\/wp\/v2\/media\/238442"}],"wp:attachment":[{"href":"https:\/\/archive.sana.sy\/tr\/index.php?rest_route=%2Fwp%2Fv2%2Fmedia&parent=238441"}],"wp:term":[{"taxonomy":"category","embeddable":true,"href":"https:\/\/archive.sana.sy\/tr\/index.php?rest_route=%2Fwp%2Fv2%2Fcategories&post=238441"},{"taxonomy":"post_tag","embeddable":true,"href":"https:\/\/archive.sana.sy\/tr\/index.php?rest_route=%2Fwp%2Fv2%2Ftags&post=238441"}],"curies":[{"name":"wp","href":"https:\/\/api.w.org\/{rel}","templated":true}]}}