{"id":238546,"date":"2021-07-03T20:37:05","date_gmt":"2021-07-03T17:37:05","guid":{"rendered":"http:\/\/107.6.182.27\/tr\/?p=238546"},"modified":"2021-07-04T10:51:48","modified_gmt":"2021-07-04T07:51:48","slug":"turk-isgali-ve-cetelerinin-icme-suyunu-kesmesi-sonucu-haseke-sehri-halkinin-cilesi-devam-ediyor","status":"publish","type":"post","link":"https:\/\/archive.sana.sy\/tr\/?p=238546","title":{"rendered":"T\u00fcrk \u0130\u015fgali ve \u00c7etelerinin I\u00e7me Suyunu Kesmesi Sonucu Haseke \u015eehri Halk\u0131n\u0131n \u00c7ilesi Devam Ediyor"},"content":{"rendered":"<p style=\"text-align: justify;\">HASEKE \u2013 Haseke halk\u0131n\u0131n g\u00fcnl\u00fck su aramas\u0131, T\u00fcrk i\u015fgalci ve ter\u00f6rist \u00e7etelerinin Haseke sakinlerinden suyu kesmesi sonucu susuzluk \u00e7eken bir milyondan fazla insana y\u00f6nelik ter\u00f6rizmin en k\u00f6t\u00fc t\u00fcrlerini yans\u0131t\u0131yor.<\/p>\n<p style=\"text-align: justify;\">T\u00fcrk i\u015fgalcinin Rasul Ayn topraklar\u0131n\u0131 i\u015fgal etmesi ve Alluk su istasyonunun kontrol\u00fcn\u00fc ele ge\u00e7irmesi ve b\u00fct\u00fcn Haseke B\u00f6lgesi&#8217;nin tek su kayna\u011f\u0131n\u0131 kesmesinden bu yana Haseke halk\u0131n\u0131n ya\u015fad\u0131\u011f\u0131 ac\u0131lar\u0131n hikayeleri deavm ediyor.<\/p>\n<p style=\"text-align: justify;\">Bu da, Uluslararas\u0131 \u00f6rg\u00fctler ve organlar taraf\u0131ndan uluslararas\u0131 s\u00f6zle\u015fmelere g\u00f6re tan\u0131mlanan bir sava\u015f su\u00e7una kar\u015f\u0131 uygulanan sessizlik \u0131\u015f\u0131\u011f\u0131nda yer almaktad\u0131r.<\/p>\n<p style=\"text-align: justify;\">T\u00fcrk i\u015fgalcinin su\u00e7unu s\u00fcrd\u00fcrmesi \u00fczerine valilik ve ilgili makamlar, Haseke halk\u0131n\u0131n i\u00e7me suyunu g\u00fcvence alt\u0131na almak i\u00e7in, \u015fehir merkezine su ta\u015f\u0131yan tanklar\u0131n say\u0131s\u0131n\u0131 art\u0131rmak gibi bir dizi acil \u00f6nlem almayi s\u00fcrd\u00fcr\u00fcyor.<\/p>\n<p style=\"text-align: justify;\">P.M.<\/p>\n","protected":false},"excerpt":{"rendered":"<p>HASEKE \u2013 Haseke halk\u0131n\u0131n g\u00fcnl\u00fck su aramas\u0131, T\u00fcrk i\u015fgalci ve ter\u00f6rist \u00e7etelerinin Haseke sakinlerinden suyu kesmesi sonucu susuzluk \u00e7eken bir milyondan fazla insana y\u00f6nelik ter\u00f6rizmin en k\u00f6t\u00fc t\u00fcrlerini yans\u0131t\u0131yor. T\u00fcrk i\u015fgalcinin Rasul Ayn topraklar\u0131n\u0131 i\u015fgal etmesi ve Alluk su istasyonunun kontrol\u00fcn\u00fc ele ge\u00e7irmesi ve b\u00fct\u00fcn Haseke B\u00f6lgesi&#8217;nin tek su kayna\u011f\u0131n\u0131 kesmesinden bu yana Haseke halk\u0131n\u0131n &hellip;<\/p>\n","protected":false},"author":1,"featured_media":0,"comment_status":"closed","ping_status":"closed","sticky":false,"template":"","format":"standard","meta":{"footnotes":""},"categories":[479,575,17988,2554,2555,478],"tags":[],"class_list":["post-238546","post","type-post","status-publish","format-standard","","category-haberler-yerel","category-olaylar-ve-gercekler","category-son-haberler","category-suriye-ve-dunya","category-suriye-ve-turkiye","category-yerel"],"_links":{"self":[{"href":"https:\/\/archive.sana.sy\/tr\/index.php?rest_route=\/wp\/v2\/posts\/238546","targetHints":{"allow":["GET"]}}],"collection":[{"href":"https:\/\/archive.sana.sy\/tr\/index.php?rest_route=\/wp\/v2\/posts"}],"about":[{"href":"https:\/\/archive.sana.sy\/tr\/index.php?rest_route=\/wp\/v2\/types\/post"}],"author":[{"embeddable":true,"href":"https:\/\/archive.sana.sy\/tr\/index.php?rest_route=\/wp\/v2\/users\/1"}],"replies":[{"embeddable":true,"href":"https:\/\/archive.sana.sy\/tr\/index.php?rest_route=%2Fwp%2Fv2%2Fcomments&post=238546"}],"version-history":[{"count":0,"href":"https:\/\/archive.sana.sy\/tr\/index.php?rest_route=\/wp\/v2\/posts\/238546\/revisions"}],"wp:attachment":[{"href":"https:\/\/archive.sana.sy\/tr\/index.php?rest_route=%2Fwp%2Fv2%2Fmedia&parent=238546"}],"wp:term":[{"taxonomy":"category","embeddable":true,"href":"https:\/\/archive.sana.sy\/tr\/index.php?rest_route=%2Fwp%2Fv2%2Fcategories&post=238546"},{"taxonomy":"post_tag","embeddable":true,"href":"https:\/\/archive.sana.sy\/tr\/index.php?rest_route=%2Fwp%2Fv2%2Ftags&post=238546"}],"curies":[{"name":"wp","href":"https:\/\/api.w.org\/{rel}","templated":true}]}}