{"id":238643,"date":"2021-07-04T12:03:49","date_gmt":"2021-07-04T09:03:49","guid":{"rendered":"http:\/\/107.6.182.27\/tr\/?p=238643"},"modified":"2021-07-05T13:39:14","modified_gmt":"2021-07-05T10:39:14","slug":"amerikan-isgal-gucleri-bugday-ve-petrol-calmaya-ve-el-cezire-bolgesindeki-uslerini-guclendirmeye-devam-ediyor","status":"publish","type":"post","link":"https:\/\/archive.sana.sy\/tr\/?p=238643","title":{"rendered":"Amerikan \u0130\u015fgal G\u00fc\u00e7leri Bu\u011fday ve Petrol \u00c7almaya ve El Cezire B\u00f6lgesindeki \u00dcslerini G\u00fc\u00e7lendirmeye Devam Ediyor"},"content":{"rendered":"<p>HASEKE \u2013 Amerikan i\u015fgal g\u00fc\u00e7leri, Suriye\u2019nin zenginliklerini \u00e7almaya devam ederek, Haseke k\u0131rsal\u0131n\u0131n kuzeydo\u011fusunda yer alan Rmeylan b\u00f6lgesinden bu\u011fday ve petrol y\u00fckl\u00fc 45 arac\u0131 ka\u00e7\u0131rd\u0131, ve il&#8217;deki \u00fcslerini desteklemek i\u00e7in te\u00e7hizat ve lojistik malzeme ge\u00e7irdi.<\/p>\n<p>El S\u00fcveydiye k\u00f6y\u00fcnden yerel kaynaklar SANA muhabirine, bu\u011fday ve petrol y\u00fckl\u00fc 45 kamyon ve tankerden olu\u015fan bir konvoyun, Rmeylan b\u00f6lgesinden yasad\u0131\u015f\u0131 El Velid ge\u00e7idinden kuzey Irak&#8217;a do\u011fru ka\u00e7\u0131rd\u0131\u011f\u0131n\u0131 belirtti.<\/p>\n<p>Kaynaklar, ge\u00e7ti\u011fimiz saatlerde i\u015fgal g\u00fc\u00e7lerinin ayn\u0131 ge\u00e7itten getirdi\u011fi te\u00e7hizat ve lojistik malzeme y\u00fckl\u00fc 27 kamyondan olu\u015fan bir konvoyun, buradaki g\u00fc\u00e7lerine desteklemek i\u00e7in Rmeylan b\u00f6lgesine y\u00f6neldi\u011fine dikkat \u00e7ekti.<\/p>\n","protected":false},"excerpt":{"rendered":"<p>HASEKE \u2013 Amerikan i\u015fgal g\u00fc\u00e7leri, Suriye\u2019nin zenginliklerini \u00e7almaya devam ederek, Haseke k\u0131rsal\u0131n\u0131n kuzeydo\u011fusunda yer alan Rmeylan b\u00f6lgesinden bu\u011fday ve petrol y\u00fckl\u00fc 45 arac\u0131 ka\u00e7\u0131rd\u0131, ve il&#8217;deki \u00fcslerini desteklemek i\u00e7in te\u00e7hizat ve lojistik malzeme ge\u00e7irdi. El S\u00fcveydiye k\u00f6y\u00fcnden yerel kaynaklar SANA muhabirine, bu\u011fday ve petrol y\u00fckl\u00fc 45 kamyon ve tankerden olu\u015fan bir konvoyun, Rmeylan b\u00f6lgesinden yasad\u0131\u015f\u0131 &hellip;<\/p>\n","protected":false},"author":36,"featured_media":238644,"comment_status":"closed","ping_status":"closed","sticky":false,"template":"","format":"standard","meta":{"footnotes":""},"categories":[479,575,17988,478],"tags":[],"class_list":["post-238643","post","type-post","status-publish","format-standard","has-post-thumbnail","","category-haberler-yerel","category-olaylar-ve-gercekler","category-son-haberler","category-yerel"],"_links":{"self":[{"href":"https:\/\/archive.sana.sy\/tr\/index.php?rest_route=\/wp\/v2\/posts\/238643","targetHints":{"allow":["GET"]}}],"collection":[{"href":"https:\/\/archive.sana.sy\/tr\/index.php?rest_route=\/wp\/v2\/posts"}],"about":[{"href":"https:\/\/archive.sana.sy\/tr\/index.php?rest_route=\/wp\/v2\/types\/post"}],"author":[{"embeddable":true,"href":"https:\/\/archive.sana.sy\/tr\/index.php?rest_route=\/wp\/v2\/users\/36"}],"replies":[{"embeddable":true,"href":"https:\/\/archive.sana.sy\/tr\/index.php?rest_route=%2Fwp%2Fv2%2Fcomments&post=238643"}],"version-history":[{"count":0,"href":"https:\/\/archive.sana.sy\/tr\/index.php?rest_route=\/wp\/v2\/posts\/238643\/revisions"}],"wp:featuredmedia":[{"embeddable":true,"href":"https:\/\/archive.sana.sy\/tr\/index.php?rest_route=\/wp\/v2\/media\/238644"}],"wp:attachment":[{"href":"https:\/\/archive.sana.sy\/tr\/index.php?rest_route=%2Fwp%2Fv2%2Fmedia&parent=238643"}],"wp:term":[{"taxonomy":"category","embeddable":true,"href":"https:\/\/archive.sana.sy\/tr\/index.php?rest_route=%2Fwp%2Fv2%2Fcategories&post=238643"},{"taxonomy":"post_tag","embeddable":true,"href":"https:\/\/archive.sana.sy\/tr\/index.php?rest_route=%2Fwp%2Fv2%2Ftags&post=238643"}],"curies":[{"name":"wp","href":"https:\/\/api.w.org\/{rel}","templated":true}]}}