{"id":238659,"date":"2021-07-05T13:43:52","date_gmt":"2021-07-05T10:43:52","guid":{"rendered":"http:\/\/107.6.182.27\/tr\/?p=238659"},"modified":"2021-07-06T16:20:36","modified_gmt":"2021-07-06T13:20:36","slug":"el-seddadi-kentine-bomba-yuklu-motosikletin-patlamasinda-yarali-siviller-dustu","status":"publish","type":"post","link":"https:\/\/archive.sana.sy\/tr\/?p=238659","title":{"rendered":"El \u015eeddadi Kentine Bomba Y\u00fckl\u00fc Motosikletin Patlamas\u0131nda Yaral\u0131 Siviller D\u00fc\u015ft\u00fc"},"content":{"rendered":"<p>HASEKE \u2013 Haseke k\u0131rsal\u0131ndaki el \u015eeddadi Kenti\u2019nde Amerikan i\u015fgaline ba\u011fl\u0131 \u201cDSG\u201d milislerine ait bir karargah\u0131n \u00f6n\u00fcnde bomba y\u00fckl\u00fc bir motosiklet patlad\u0131.<\/p>\n<p>Yerel kaynaklar SANA muhabirine; el \u015eeddadi Kenti\u2019nin merkez b\u00f6lgesindeki ana caddesinde \u201cDSG\u201d milislerine ait bir karargah\u0131n \u00f6n\u00fcnde bomba y\u00fckl\u00fc bir motosikletin patlad\u0131\u011f\u0131n\u0131 ve bunun sonucunda birka\u00e7 sivilin patlad\u0131\u011f\u0131n\u0131 belirtti.<\/p>\n<p>Kaynaklar, patalama sonucunda olay yerinde maddi hasarlara da yol a\u00e7\u0131ld\u0131\u011f\u0131n\u0131 s\u00f6zlerine ekledi.<\/p>\n<p>P.M.<\/p>\n","protected":false},"excerpt":{"rendered":"<p>HASEKE \u2013 Haseke k\u0131rsal\u0131ndaki el \u015eeddadi Kenti\u2019nde Amerikan i\u015fgaline ba\u011fl\u0131 \u201cDSG\u201d milislerine ait bir karargah\u0131n \u00f6n\u00fcnde bomba y\u00fckl\u00fc bir motosiklet patlad\u0131. Yerel kaynaklar SANA muhabirine; el \u015eeddadi Kenti\u2019nin merkez b\u00f6lgesindeki ana caddesinde \u201cDSG\u201d milislerine ait bir karargah\u0131n \u00f6n\u00fcnde bomba y\u00fckl\u00fc bir motosikletin patlad\u0131\u011f\u0131n\u0131 ve bunun sonucunda birka\u00e7 sivilin patlad\u0131\u011f\u0131n\u0131 belirtti. Kaynaklar, patalama sonucunda olay yerinde &hellip;<\/p>\n","protected":false},"author":1,"featured_media":238661,"comment_status":"closed","ping_status":"closed","sticky":false,"template":"","format":"standard","meta":{"footnotes":""},"categories":[479,575,17988,478],"tags":[],"class_list":["post-238659","post","type-post","status-publish","format-standard","has-post-thumbnail","","category-haberler-yerel","category-olaylar-ve-gercekler","category-son-haberler","category-yerel"],"_links":{"self":[{"href":"https:\/\/archive.sana.sy\/tr\/index.php?rest_route=\/wp\/v2\/posts\/238659","targetHints":{"allow":["GET"]}}],"collection":[{"href":"https:\/\/archive.sana.sy\/tr\/index.php?rest_route=\/wp\/v2\/posts"}],"about":[{"href":"https:\/\/archive.sana.sy\/tr\/index.php?rest_route=\/wp\/v2\/types\/post"}],"author":[{"embeddable":true,"href":"https:\/\/archive.sana.sy\/tr\/index.php?rest_route=\/wp\/v2\/users\/1"}],"replies":[{"embeddable":true,"href":"https:\/\/archive.sana.sy\/tr\/index.php?rest_route=%2Fwp%2Fv2%2Fcomments&post=238659"}],"version-history":[{"count":0,"href":"https:\/\/archive.sana.sy\/tr\/index.php?rest_route=\/wp\/v2\/posts\/238659\/revisions"}],"wp:featuredmedia":[{"embeddable":true,"href":"https:\/\/archive.sana.sy\/tr\/index.php?rest_route=\/wp\/v2\/media\/238661"}],"wp:attachment":[{"href":"https:\/\/archive.sana.sy\/tr\/index.php?rest_route=%2Fwp%2Fv2%2Fmedia&parent=238659"}],"wp:term":[{"taxonomy":"category","embeddable":true,"href":"https:\/\/archive.sana.sy\/tr\/index.php?rest_route=%2Fwp%2Fv2%2Fcategories&post=238659"},{"taxonomy":"post_tag","embeddable":true,"href":"https:\/\/archive.sana.sy\/tr\/index.php?rest_route=%2Fwp%2Fv2%2Ftags&post=238659"}],"curies":[{"name":"wp","href":"https:\/\/api.w.org\/{rel}","templated":true}]}}