{"id":238747,"date":"2021-07-07T14:20:03","date_gmt":"2021-07-07T11:20:03","guid":{"rendered":"http:\/\/107.6.182.27\/tr\/?p=238747"},"modified":"2021-07-08T08:05:24","modified_gmt":"2021-07-08T05:05:24","slug":"isgalci-amerikan-guclerinin-bulundugu-el-omar-petrol-sahasi-ihalar-ile-hedef-aldindi","status":"publish","type":"post","link":"https:\/\/archive.sana.sy\/tr\/?p=238747","title":{"rendered":"\u0130\u015fgalci Amerikan G\u00fc\u00e7lerinin Bulundu\u011fu el Omar Petrol Sahas\u0131 \u0130HA&#8217;lar \u0130le Hedef Ald\u0131nd\u0131"},"content":{"rendered":"<p>DEYREZZOR \u2013 Dronlar, Deyrizor&#8217;un do\u011fu k\u0131rsal\u0131ndaki Al-Omar petrol sahas\u0131ndaki ABD i\u015fgal \u00fcss\u00fcn\u00fc hedef ald\u0131.<\/p>\n<p>B\u00f6lge kaynaklar\u0131 SANA muhabirine; \u201cBu sabah, el Omar petrol sahas\u0131ndaki Amerikan i\u015fgal g\u00fc\u00e7lerinin askeri \u00fcss\u00fcne insans\u0131z hava ara\u00e7lar\u0131yla sald\u0131r\u0131 d\u00fczenlendi\u011fini ve duman s\u00fctunlar\u0131n\u0131n y\u00fckseldi\u011fi g\u00f6r\u00fcld\u00fc\u011f\u00fcn\u00fc\u201d ifade etti.<\/p>\n<p>Ayr\u0131ca edya kaynaklar\u0131, Suriye\u2019nin el Cezire b\u00f6lgesinde ABD \u00fcslerinin g\u00fcvenli\u011fini sa\u011flamak i\u00e7in \u00e7al\u0131\u015fan ABD destekli &#8220;DSG&#8221; milislerinin, sald\u0131r\u0131n\u0131n sonu\u00e7lar\u0131 hakk\u0131nda herhangi bir bilgi vermeden sald\u0131r\u0131y\u0131 kabul etti\u011fini bildirdi.<\/p>\n<p>Ayn\u0131 \u00fcs, son on g\u00fcn i\u00e7inde iki roket sald\u0131r\u0131s\u0131yla hedeflenmi\u015f ve bunun hasara yol a\u00e7m\u0131\u015f oldu\u011funu dikkat \u00e7ekici.<\/p>\n<p>P.M.<\/p>\n","protected":false},"excerpt":{"rendered":"<p>DEYREZZOR \u2013 Dronlar, Deyrizor&#8217;un do\u011fu k\u0131rsal\u0131ndaki Al-Omar petrol sahas\u0131ndaki ABD i\u015fgal \u00fcss\u00fcn\u00fc hedef ald\u0131. B\u00f6lge kaynaklar\u0131 SANA muhabirine; \u201cBu sabah, el Omar petrol sahas\u0131ndaki Amerikan i\u015fgal g\u00fc\u00e7lerinin askeri \u00fcss\u00fcne insans\u0131z hava ara\u00e7lar\u0131yla sald\u0131r\u0131 d\u00fczenlendi\u011fini ve duman s\u00fctunlar\u0131n\u0131n y\u00fckseldi\u011fi g\u00f6r\u00fcld\u00fc\u011f\u00fcn\u00fc\u201d ifade etti. Ayr\u0131ca edya kaynaklar\u0131, Suriye\u2019nin el Cezire b\u00f6lgesinde ABD \u00fcslerinin g\u00fcvenli\u011fini sa\u011flamak i\u00e7in \u00e7al\u0131\u015fan ABD &hellip;<\/p>\n","protected":false},"author":1,"featured_media":238754,"comment_status":"closed","ping_status":"closed","sticky":false,"template":"","format":"standard","meta":{"footnotes":""},"categories":[479,575,17988,478],"tags":[],"class_list":["post-238747","post","type-post","status-publish","format-standard","has-post-thumbnail","","category-haberler-yerel","category-olaylar-ve-gercekler","category-son-haberler","category-yerel"],"_links":{"self":[{"href":"https:\/\/archive.sana.sy\/tr\/index.php?rest_route=\/wp\/v2\/posts\/238747","targetHints":{"allow":["GET"]}}],"collection":[{"href":"https:\/\/archive.sana.sy\/tr\/index.php?rest_route=\/wp\/v2\/posts"}],"about":[{"href":"https:\/\/archive.sana.sy\/tr\/index.php?rest_route=\/wp\/v2\/types\/post"}],"author":[{"embeddable":true,"href":"https:\/\/archive.sana.sy\/tr\/index.php?rest_route=\/wp\/v2\/users\/1"}],"replies":[{"embeddable":true,"href":"https:\/\/archive.sana.sy\/tr\/index.php?rest_route=%2Fwp%2Fv2%2Fcomments&post=238747"}],"version-history":[{"count":0,"href":"https:\/\/archive.sana.sy\/tr\/index.php?rest_route=\/wp\/v2\/posts\/238747\/revisions"}],"wp:featuredmedia":[{"embeddable":true,"href":"https:\/\/archive.sana.sy\/tr\/index.php?rest_route=\/wp\/v2\/media\/238754"}],"wp:attachment":[{"href":"https:\/\/archive.sana.sy\/tr\/index.php?rest_route=%2Fwp%2Fv2%2Fmedia&parent=238747"}],"wp:term":[{"taxonomy":"category","embeddable":true,"href":"https:\/\/archive.sana.sy\/tr\/index.php?rest_route=%2Fwp%2Fv2%2Fcategories&post=238747"},{"taxonomy":"post_tag","embeddable":true,"href":"https:\/\/archive.sana.sy\/tr\/index.php?rest_route=%2Fwp%2Fv2%2Ftags&post=238747"}],"curies":[{"name":"wp","href":"https:\/\/api.w.org\/{rel}","templated":true}]}}