{"id":23882,"date":"2015-02-14T11:52:20","date_gmt":"2015-02-14T09:52:20","guid":{"rendered":"http:\/\/www.sana.sy\/tr\/?p=23882"},"modified":"2015-02-14T11:52:20","modified_gmt":"2015-02-14T09:52:20","slug":"el-esadsiz-cozum-mumkun-degildir","status":"publish","type":"post","link":"https:\/\/archive.sana.sy\/tr\/?p=23882","title":{"rendered":"El Esad\u2019s\u0131z \u00c7\u00f6z\u00fcm M\u00fcmk\u00fcn De\u011fildir"},"content":{"rendered":"<p>V\u0130YANA \u2013 Birle\u015fmi\u015f Milletlerin Suriye \u00f6zel temsilcisi Stafan de Mistura; Suriye&#8217;deki krize yegane \u00e7\u00f6z\u00fcm\u00fcn siyasi \u00e7\u00f6z\u00fcm oldu\u011funu bir kez daha vurgulad\u0131.<\/p>\n<p>Avusturya D\u0131\u015fi\u015fleri Bakan\u0131 Sebastian Kurz ile Viyana\u2019da bulundu\u011fu temaslar\u0131n ard\u0131ndan yapt\u0131\u011f\u0131 a\u00e7\u0131klamada de Mistura; Suriye&#8217;de Cumhurba\u015fkan\u0131 Be\u015f\u015far el Esad olmadan \u00e7\u00f6z\u00fcm bulman\u0131n kesinlikle m\u00fcmk\u00fcn olmad\u0131\u011f\u0131n\u0131 vurgulayarak; el Esad ile \u00f6nemli temaslar\u0131n\u0131 s\u00fcrd\u00fcrece\u011fini s\u00f6yledi.<\/p>\n<p>De Mistura Suriye&#8217;de \u00e7\u00f6z\u00fcm\u00fcn sa\u011flanmamas\u0131n\u0131n en \u00e7ok I\u015e\u0130D \u00d6rg\u00fct\u00fcne hizmet etti\u011fine vurgu yapt\u0131. I\u015e\u0130D ter\u00f6r \u00f6rg\u00fct\u00fcn\u00fc b\u00fcy\u00fck bir canavara benzeten de Mistura, bu canavar\u0131n daha \u00e7ok b\u00fcy\u00fcmek, g\u00fc\u00e7lenmek ve t\u00fcm b\u00f6lge devletlerini hedef almak i\u00e7in Suriye&#8217;de sava\u015f\u0131n devam etmesini f\u0131rsat olarak kulland\u0131\u011f\u0131n\u0131n alt\u0131n\u0131 \u00e7izdi.<\/p>\n<p>A.A.<\/p>\n","protected":false},"excerpt":{"rendered":"<p>V\u0130YANA \u2013 Birle\u015fmi\u015f Milletlerin Suriye \u00f6zel temsilcisi Stafan de Mistura; Suriye&#8217;deki krize yegane \u00e7\u00f6z\u00fcm\u00fcn siyasi \u00e7\u00f6z\u00fcm oldu\u011funu bir kez daha vurgulad\u0131. Avusturya D\u0131\u015fi\u015fleri Bakan\u0131 Sebastian Kurz ile Viyana\u2019da bulundu\u011fu temaslar\u0131n ard\u0131ndan yapt\u0131\u011f\u0131 a\u00e7\u0131klamada de Mistura; Suriye&#8217;de Cumhurba\u015fkan\u0131 Be\u015f\u015far el Esad olmadan \u00e7\u00f6z\u00fcm bulman\u0131n kesinlikle m\u00fcmk\u00fcn olmad\u0131\u011f\u0131n\u0131 vurgulayarak; el Esad ile \u00f6nemli temaslar\u0131n\u0131 s\u00fcrd\u00fcrece\u011fini s\u00f6yledi. De &hellip;<\/p>\n","protected":false},"author":1,"featured_media":23883,"comment_status":"closed","ping_status":"closed","sticky":false,"template":"","format":"standard","meta":{"footnotes":""},"categories":[458,459,447],"tags":[11505],"class_list":["post-23882","post","type-post","status-publish","format-standard","has-post-thumbnail","","category-dunya1","category-haberler-arap-uluslararasi-politika","category-politika","tag-el-esadsiz-cozum-mumkun-degildir-viyana-birlesmis-milletlerin-suriye-ozel-temsilcisi-stafan-de-mistura-suriyedeki-krize-yegane-cozumun-siyasi-cozum-oldugunu-bir-kez-daha-vurguladi"],"_links":{"self":[{"href":"https:\/\/archive.sana.sy\/tr\/index.php?rest_route=\/wp\/v2\/posts\/23882","targetHints":{"allow":["GET"]}}],"collection":[{"href":"https:\/\/archive.sana.sy\/tr\/index.php?rest_route=\/wp\/v2\/posts"}],"about":[{"href":"https:\/\/archive.sana.sy\/tr\/index.php?rest_route=\/wp\/v2\/types\/post"}],"author":[{"embeddable":true,"href":"https:\/\/archive.sana.sy\/tr\/index.php?rest_route=\/wp\/v2\/users\/1"}],"replies":[{"embeddable":true,"href":"https:\/\/archive.sana.sy\/tr\/index.php?rest_route=%2Fwp%2Fv2%2Fcomments&post=23882"}],"version-history":[{"count":0,"href":"https:\/\/archive.sana.sy\/tr\/index.php?rest_route=\/wp\/v2\/posts\/23882\/revisions"}],"wp:featuredmedia":[{"embeddable":true,"href":"https:\/\/archive.sana.sy\/tr\/index.php?rest_route=\/wp\/v2\/media\/23883"}],"wp:attachment":[{"href":"https:\/\/archive.sana.sy\/tr\/index.php?rest_route=%2Fwp%2Fv2%2Fmedia&parent=23882"}],"wp:term":[{"taxonomy":"category","embeddable":true,"href":"https:\/\/archive.sana.sy\/tr\/index.php?rest_route=%2Fwp%2Fv2%2Fcategories&post=23882"},{"taxonomy":"post_tag","embeddable":true,"href":"https:\/\/archive.sana.sy\/tr\/index.php?rest_route=%2Fwp%2Fv2%2Ftags&post=23882"}],"curies":[{"name":"wp","href":"https:\/\/api.w.org\/{rel}","templated":true}]}}