{"id":238821,"date":"2021-07-08T09:01:17","date_gmt":"2021-07-08T06:01:17","guid":{"rendered":"http:\/\/107.6.182.27\/tr\/?p=238821"},"modified":"2021-07-09T08:46:11","modified_gmt":"2021-07-09T05:46:11","slug":"kultur-bakanligi-muzik-kuluckasi-projesini-baslatti","status":"publish","type":"post","link":"https:\/\/archive.sana.sy\/tr\/?p=238821","title":{"rendered":"K\u00fclt\u00fcr Bakanl\u0131\u011f\u0131 \u201cM\u00fczik Kulu\u00e7kas\u0131\u201d Projesini Ba\u015flatt\u0131"},"content":{"rendered":"<p>\u015eAM \u2013 \u201cM\u00fczik Kulu\u00e7kas\u0131\u201d projesi, sanat\u0131 te\u015fvik etmek, canland\u0131rmak ve yetenekleri ke\u015ffetmek amac\u0131yla her t\u00fcrl\u00fc m\u00fczisyenin m\u00fczik gruplar\u0131 olu\u015fturmas\u0131na y\u00f6nelik stratejik bir proje olarak K\u00fclt\u00fcr Bakanl\u0131\u011f\u0131&#8217;nda hayata ge\u00e7irildi.<\/p>\n<p>\u00c7al\u0131\u015fmas\u0131 i\u00e7in uygun ortam\u0131 yaratmak i\u00e7in birka\u00e7 ay \u00f6nce haz\u0131rl\u0131klar\u0131na ba\u015flayan proje, resmi olarak \u0131\u015f\u0131\u011f\u0131 g\u00f6rd\u00fc ve bu k\u00fclt\u00fcrel kulu\u00e7ka merkezinin hedeflerini uygulamak i\u00e7in deneyim ve uzmanl\u0131\u011fa sahip se\u00e7ilmi\u015f bir m\u00fczisyen grubunu i\u00e7eren \u00f6zel bir organizasyon komitesi kuruldu.<\/p>\n<p>Bu y\u0131lki kulu\u00e7ka projesi temel klasik oda m\u00fczi\u011fine (enstr\u00fcmental ve lirik) ayr\u0131lm\u0131\u015ft\u0131r.<\/p>\n<p>Bakanl\u0131\u011fa yap\u0131lan ba\u015fvurular\u0131 onaylanan, proje \u015fartlar\u0131n\u0131 ve kriterlerini sa\u011flayan be\u015f grup kulu\u00e7kalanacak.<\/p>\n<p>Grup i\u00e7in kulu\u00e7ka s\u00fcresi her ders ve programa g\u00f6re de\u011fi\u015fmekte olup 12 ay\u0131 ge\u00e7meyecektir.<\/p>\n<p>proje, grubun ba\u011f\u0131ms\u0131zl\u0131\u011f\u0131n\u0131 desteklemeye yard\u0131mc\u0131 olan gerekli teknik gereksinimleri sa\u011flar ve kulu\u00e7kalanan projelerin ba\u011f\u0131ms\u0131z bir varl\u0131\u011fa d\u00f6n\u00fc\u015fmesine yol a\u00e7ar.<\/p>\n","protected":false},"excerpt":{"rendered":"<p>\u015eAM \u2013 \u201cM\u00fczik Kulu\u00e7kas\u0131\u201d projesi, sanat\u0131 te\u015fvik etmek, canland\u0131rmak ve yetenekleri ke\u015ffetmek amac\u0131yla her t\u00fcrl\u00fc m\u00fczisyenin m\u00fczik gruplar\u0131 olu\u015fturmas\u0131na y\u00f6nelik stratejik bir proje olarak K\u00fclt\u00fcr Bakanl\u0131\u011f\u0131&#8217;nda hayata ge\u00e7irildi. \u00c7al\u0131\u015fmas\u0131 i\u00e7in uygun ortam\u0131 yaratmak i\u00e7in birka\u00e7 ay \u00f6nce haz\u0131rl\u0131klar\u0131na ba\u015flayan proje, resmi olarak \u0131\u015f\u0131\u011f\u0131 g\u00f6rd\u00fc ve bu k\u00fclt\u00fcrel kulu\u00e7ka merkezinin hedeflerini uygulamak i\u00e7in deneyim ve uzmanl\u0131\u011fa &hellip;<\/p>\n","protected":false},"author":36,"featured_media":238822,"comment_status":"closed","ping_status":"closed","sticky":false,"template":"","format":"standard","meta":{"footnotes":""},"categories":[516,479,511,17988,478],"tags":[],"class_list":["post-238821","post","type-post","status-publish","format-standard","has-post-thumbnail","","category-haberler-kultur-ve-sanat","category-haberler-yerel","category-kultur-ve-sanat","category-son-haberler","category-yerel"],"_links":{"self":[{"href":"https:\/\/archive.sana.sy\/tr\/index.php?rest_route=\/wp\/v2\/posts\/238821","targetHints":{"allow":["GET"]}}],"collection":[{"href":"https:\/\/archive.sana.sy\/tr\/index.php?rest_route=\/wp\/v2\/posts"}],"about":[{"href":"https:\/\/archive.sana.sy\/tr\/index.php?rest_route=\/wp\/v2\/types\/post"}],"author":[{"embeddable":true,"href":"https:\/\/archive.sana.sy\/tr\/index.php?rest_route=\/wp\/v2\/users\/36"}],"replies":[{"embeddable":true,"href":"https:\/\/archive.sana.sy\/tr\/index.php?rest_route=%2Fwp%2Fv2%2Fcomments&post=238821"}],"version-history":[{"count":0,"href":"https:\/\/archive.sana.sy\/tr\/index.php?rest_route=\/wp\/v2\/posts\/238821\/revisions"}],"wp:featuredmedia":[{"embeddable":true,"href":"https:\/\/archive.sana.sy\/tr\/index.php?rest_route=\/wp\/v2\/media\/238822"}],"wp:attachment":[{"href":"https:\/\/archive.sana.sy\/tr\/index.php?rest_route=%2Fwp%2Fv2%2Fmedia&parent=238821"}],"wp:term":[{"taxonomy":"category","embeddable":true,"href":"https:\/\/archive.sana.sy\/tr\/index.php?rest_route=%2Fwp%2Fv2%2Fcategories&post=238821"},{"taxonomy":"post_tag","embeddable":true,"href":"https:\/\/archive.sana.sy\/tr\/index.php?rest_route=%2Fwp%2Fv2%2Ftags&post=238821"}],"curies":[{"name":"wp","href":"https:\/\/api.w.org\/{rel}","templated":true}]}}