{"id":238828,"date":"2021-07-08T09:02:21","date_gmt":"2021-07-08T06:02:21","guid":{"rendered":"http:\/\/107.6.182.27\/tr\/?p=238828"},"modified":"2021-07-09T08:46:14","modified_gmt":"2021-07-09T05:46:14","slug":"sam-kanatlari-havayollari-halep-ve-sarika-arasinda-haftalik-ucuslarini-baslatacak","status":"publish","type":"post","link":"https:\/\/archive.sana.sy\/tr\/?p=238828","title":{"rendered":"\u015eam Kanatlar\u0131 Havayollar\u0131, Halep ve \u015earika Aras\u0131nda Haftal\u0131k U\u00e7u\u015flar\u0131n\u0131 Ba\u015flatacak"},"content":{"rendered":"<p>\u015eAM \u2013 \u015eam Kanatlar\u0131 Havayollar\u0131, 16 Temmuz&#8217;dan itibaren Halep Havaliman\u0131&#8217;ndan Birle\u015fik Arap Emirlikleri&#8217;ndeki \u015earika Havaliman\u0131&#8217;na haftal\u0131k u\u00e7u\u015flara ba\u015flayaca\u011f\u0131n\u0131 ilan etti.<\/p>\n<p>\u015eirket yapt\u0131\u011f\u0131 ve SANA&#8217;n\u0131n n\u00fcshas\u0131n\u0131 ald\u0131\u011f\u0131 beyanda, bu ad\u0131m\u0131n, Halep \u015fehrinde ikamet eden yolcular\u0131n seyahat zorluklar\u0131n\u0131 a\u015fmalar\u0131na katk\u0131da bulunmak amac\u0131yla takip etti\u011fi operasyonel plan stratejisi \u00e7er\u00e7evesinde geldi\u011fini belirtti.<\/p>\n<p>\u015eirketin Halep ile Beyrut aras\u0131nda da haftal\u0131k olarak direkt u\u00e7u\u015flar d\u00fczenlemeye devam etmesi dikkat \u00e7ekiyor.<\/p>\n","protected":false},"excerpt":{"rendered":"<p>\u015eAM \u2013 \u015eam Kanatlar\u0131 Havayollar\u0131, 16 Temmuz&#8217;dan itibaren Halep Havaliman\u0131&#8217;ndan Birle\u015fik Arap Emirlikleri&#8217;ndeki \u015earika Havaliman\u0131&#8217;na haftal\u0131k u\u00e7u\u015flara ba\u015flayaca\u011f\u0131n\u0131 ilan etti. \u015eirket yapt\u0131\u011f\u0131 ve SANA&#8217;n\u0131n n\u00fcshas\u0131n\u0131 ald\u0131\u011f\u0131 beyanda, bu ad\u0131m\u0131n, Halep \u015fehrinde ikamet eden yolcular\u0131n seyahat zorluklar\u0131n\u0131 a\u015fmalar\u0131na katk\u0131da bulunmak amac\u0131yla takip etti\u011fi operasyonel plan stratejisi \u00e7er\u00e7evesinde geldi\u011fini belirtti. \u015eirketin Halep ile Beyrut aras\u0131nda da haftal\u0131k &hellip;<\/p>\n","protected":false},"author":36,"featured_media":238829,"comment_status":"closed","ping_status":"closed","sticky":false,"template":"","format":"standard","meta":{"footnotes":""},"categories":[479,17988,478],"tags":[],"class_list":["post-238828","post","type-post","status-publish","format-standard","has-post-thumbnail","","category-haberler-yerel","category-son-haberler","category-yerel"],"_links":{"self":[{"href":"https:\/\/archive.sana.sy\/tr\/index.php?rest_route=\/wp\/v2\/posts\/238828","targetHints":{"allow":["GET"]}}],"collection":[{"href":"https:\/\/archive.sana.sy\/tr\/index.php?rest_route=\/wp\/v2\/posts"}],"about":[{"href":"https:\/\/archive.sana.sy\/tr\/index.php?rest_route=\/wp\/v2\/types\/post"}],"author":[{"embeddable":true,"href":"https:\/\/archive.sana.sy\/tr\/index.php?rest_route=\/wp\/v2\/users\/36"}],"replies":[{"embeddable":true,"href":"https:\/\/archive.sana.sy\/tr\/index.php?rest_route=%2Fwp%2Fv2%2Fcomments&post=238828"}],"version-history":[{"count":0,"href":"https:\/\/archive.sana.sy\/tr\/index.php?rest_route=\/wp\/v2\/posts\/238828\/revisions"}],"wp:featuredmedia":[{"embeddable":true,"href":"https:\/\/archive.sana.sy\/tr\/index.php?rest_route=\/wp\/v2\/media\/238829"}],"wp:attachment":[{"href":"https:\/\/archive.sana.sy\/tr\/index.php?rest_route=%2Fwp%2Fv2%2Fmedia&parent=238828"}],"wp:term":[{"taxonomy":"category","embeddable":true,"href":"https:\/\/archive.sana.sy\/tr\/index.php?rest_route=%2Fwp%2Fv2%2Fcategories&post=238828"},{"taxonomy":"post_tag","embeddable":true,"href":"https:\/\/archive.sana.sy\/tr\/index.php?rest_route=%2Fwp%2Fv2%2Ftags&post=238828"}],"curies":[{"name":"wp","href":"https:\/\/api.w.org\/{rel}","templated":true}]}}