{"id":23889,"date":"2015-02-14T13:00:35","date_gmt":"2015-02-14T11:00:35","guid":{"rendered":"http:\/\/www.sana.sy\/tr\/?p=23889"},"modified":"2015-02-14T13:01:22","modified_gmt":"2015-02-14T11:01:22","slug":"tarih-turkiyedeki-rejimin-hatalarini-affetmeyecek","status":"publish","type":"post","link":"https:\/\/archive.sana.sy\/tr\/?p=23889","title":{"rendered":"Tarih, T\u00fcrkiye&#8217;deki Rejimin Hatalar\u0131n\u0131 Affetmeyecek"},"content":{"rendered":"<p>BEYRUT \u2013 D\u0131\u015fi\u015fleri ve Gurbet\u00e7iler Bakan\u0131 Faysal Mikdat L\u00fcbnanl\u0131 el Bina Gazetesinde yay\u0131mlad\u0131\u011f\u0131 haftal\u0131k makalesinde Suriye&#8217;yi hedef alan emperyalist s\u00f6m\u00fcr\u00fcc\u00fc g\u00fc\u00e7lerin planlar\u0131ndaki ahlaki ve pratiksel derin \u00e7\u00f6k\u00fc\u015fe \u0131\u015f\u0131k tuttu.<\/p>\n<p>Mikdat makalesinde uluslar aras\u0131 emperyalist s\u00f6m\u00fcr\u00fcc\u00fc g\u00fc\u00e7lerin \u0130srail, Fransa, ABD, Suudi Arabistan ve T\u00fcrkiye rejimi ile i\u015fbirli\u011fi i\u00e7inde y\u00fcr\u00fct\u00fclen planlar\u0131n Suriye halk\u0131 ve ordusunun efsanevi m\u00fccadeleleri sayesinde ciddi bir \u00e7\u00f6k\u00fc\u015fe tan\u0131k oldu\u011funa dikkat \u00e7ekti.<\/p>\n<p>Avrupa halklar\u0131n\u0131n uyan\u0131\u015f\u0131 ve Suriye&#8217;de ya\u015fananlar\u0131n ger\u00e7e\u011fini irdelemeleriyle birlikte Avrupal\u0131 bir\u00e7ok yetkilinin tutumlar\u0131n\u0131 de\u011fi\u015ftirdiklerine i\u015faret eden Mikdat; Avrupa ve T\u00fcrkiye rejiminin i\u00e7ine d\u00fc\u015ft\u00fckleri \u00e7\u0131kmazdan kurtulmak i\u00e7in bir yol aray\u0131\u015f\u0131nda olduklar\u0131n\u0131 ifade etti.<\/p>\n<p>Mikdat Suriye&#8217;nin ilk ba\u015flardan beri kendisini devlet ve halk olarak hedef alan bu evrensel sava\u015f\u0131n ger\u00e7eklerini irdeleyip t\u00fcm \u00e7\u0131plakl\u0131\u011f\u0131yla de\u015fifre etmeye \u00e7al\u0131\u015ft\u0131\u011f\u0131n\u0131 hat\u0131rlatt\u0131. Buna ra\u011fmen kimi devletlerin kinci tutumlar\u0131yla Suriye&#8217;de ter\u00f6r ve \u015fiddeti provoke etmeye devam ettiklerini belirten Mikdat; ABD, \u0130srail, T\u00fcrkiye, Suudi Arabistan, Katar ve daha ba\u015fka devletlerin kinci ve dar g\u00f6r\u00fc\u015fl\u00fc yakla\u015f\u0131mlar\u0131ndan vazge\u00e7mediklerini ifade etti.<\/p>\n<p>T\u00fcrkiye&#8217;deki rejimin radikal ter\u00f6r \u00e7eteleri ile ittifak kurup Suriye&#8217;ye kin ve nefret tutumlar\u0131n\u0131 s\u00fcrd\u00fcrmesinin s\u00fcrpriz olmad\u0131\u011f\u0131n\u0131 ifade eden Mikdat; T\u00fcrkiye&#8217;deki AKP iktidar\u0131n\u0131n tarih boyunca \u015fiddet ve ter\u00f6r\u00fc ideoloji olarak benimseyen M\u00fcsl\u00fcman Karde\u015flerin ideolojisine sahip oldu\u011funun bilindi\u011fine vurgu yapt\u0131. Mikdat Suriye&#8217;de krizin ba\u015flamas\u0131ndan \u00f6nce T\u00fcrkiye&#8217;deki bu rejimin Suriye ve T\u00fcrkiye aras\u0131ndaki ili\u015fkilere \u00f6nem verdiklerini \u00f6ne s\u00fcrmeleriyle as\u0131l ama\u00e7lar\u0131n\u0131n bilindi\u011fini kaydetti. Suriye&#8217;nin o s\u00fcre\u00e7 i\u00e7inde temel amac\u0131n\u0131n tarih boyunca dost ve karde\u015f olan T\u00fcrkiye ve Suriye halklar\u0131 aras\u0131nda yak\u0131nla\u015fmay\u0131 sa\u011flamak oldu\u011funa vurgu yapan Mikdat; Cumhurba\u015fkan\u0131 el Esad\u2019\u0131n o zaman o s\u00fcre\u00e7te ve her zaman iki halk aras\u0131ndaki ili\u015fkilerin \u00f6nemine vurgu yapt\u0131\u011f\u0131n\u0131 hat\u0131rlatt\u0131.<\/p>\n<p>Fransa&#8217;n\u0131n tutumu konusunda ise Mikdat; Frans\u0131z otoritelerin bir\u00e7ok kez Siyonistlere bile yer b\u0131rakmayan kin ve nefretiyle ak\u0131l ve hikmeti kaybettiklerini, Suriye ve halk\u0131na y\u00f6nelik tutumlar\u0131nda olduk\u00e7a dar g\u00f6r\u00fc\u015fl\u00fc bir politika izlediklerinin alt\u0131n\u0131 \u00e7izdi.<\/p>\n<p>Mikdat Suudi krall\u0131k rejimi ve Katar\u2019\u0131n ise; tarih boyunca Bat\u0131n\u0131n ta\u015feronlu\u011funu oynamakla birlikte yozla\u015fm\u0131\u015f gerici rejimlerini koruma amac\u0131yla Suriye ve halk\u0131na sava\u015f y\u00fcr\u00fctt\u00fcklerini ifade etti.<br \/>\n\u00d6zellikle Avrupal\u0131 devletlerde olmak \u00fczere Suriye&#8217;ye ili\u015fkin uluslar aras\u0131 tutumlarda nispi bir de\u011fi\u015fikli\u011fin oldu\u011funa dikkat \u00e7eken Mikdat; resmi g\u00f6r\u00fc\u015fmelerde bunun a\u00e7\u0131k ve net olarak yans\u0131t\u0131ld\u0131\u011f\u0131n\u0131 belirtti. Mikdat Bat\u0131l\u0131 yetkililerin Suriye konusunda hatal\u0131 politikalar i\u015flediklerini, dar g\u00f6r\u00fc\u015fl\u00fc davran\u0131\u015flar sergilendi\u011fini idrak ettiklerini kaydetti.<\/p>\n<p>Uluslar aras\u0131 istihbarat cihazlar\u0131n\u0131n Suriye&#8217;de ter\u00f6r ve kaosun yay\u0131lmas\u0131nda oynad\u0131klar\u0131 role \u0131\u015f\u0131k tutan Mikdat; son raporlara g\u00f6re 90\u2019dan fazla devletten 20\u2019inin \u00fcst\u00fcnde ter\u00f6ristin Suriye&#8217;ye gelip vah\u015fi eylemlere kat\u0131ld\u0131klar\u0131n\u0131n ifade edildi\u011fini vurgulad\u0131.<\/p>\n<p>Bakan Yard\u0131mc\u0131s\u0131 Mikdat t\u00fcm bu s\u00fcre\u00e7 i\u00e7inde en b\u00fcy\u00fck skandal\u0131n T\u00fcrkiye&#8217;deki rejim taraf\u0131ndan ger\u00e7ekle\u015ftirildi\u011fini belirtti. T\u00fcrkiye&#8217;de ihvanc\u0131 Recep Tayyib Erdo\u011fan rejiminin Suriye, Irak, Libya ve daha bir\u00e7ok \u00fclkede ter\u00f6re b\u00fcy\u00fck deste\u011finin t\u00fcm \u00e7\u0131plakl\u0131\u011f\u0131yla izole edildi\u011fine dikkat \u00e7eken Mikdat; bu rol\u00fc \u00f6rtbas etmenin art\u0131k m\u00fcmk\u00fcn olmad\u0131\u011f\u0131n\u0131 vurgulad\u0131. Mikdat T\u00fcrkiye rejiminin mutlaka bu rol\u00fcn hesab\u0131n\u0131 verece\u011fini, bir\u00e7ok devletin ter\u00f6re deste\u011finde kirlenen kanl\u0131 ellerini T\u00fcrkiye&#8217;deki bu rejimle y\u0131kama niyetine i\u015faret etti.<\/p>\n<p>T\u00fcrkiye d\u0131\u015fi\u015fleri bakanl\u0131\u011f\u0131 dahil T\u00fcrk yetkililerin Suriye&#8217;deki ter\u00f6ristlere desteklerine ilaveten T\u00fcrkiye \u00fczerinden Suriye&#8217;ye ge\u00e7en 15 binin \u00fcst\u00fcnde yabanc\u0131 ter\u00f6risti ikrar ettiklerine dikkat \u00e7eken Mikdat; ku\u015fkusuz t\u00fcm bunlar\u0131n cezas\u0131z kalmayaca\u011f\u0131n\u0131 belirtti.<\/p>\n<p>Makalesinin sonunda Mikdat; Suriye&#8217;yi devlet ve halk olarak hedef alan evrensel sava\u015fta ger\u00e7eklerin art\u0131k \u00f6rtbas edilemeyecek bir \u015fekilde de\u015fifre oldu\u011funu, tarihin de i\u015flenen hatalar\u0131 affetmeyece\u011finin alt\u0131n\u0131 \u00e7izdi.<\/p>\n<p>A.A.<\/p>\n","protected":false},"excerpt":{"rendered":"<p>BEYRUT \u2013 D\u0131\u015fi\u015fleri ve Gurbet\u00e7iler Bakan\u0131 Faysal Mikdat L\u00fcbnanl\u0131 el Bina Gazetesinde yay\u0131mlad\u0131\u011f\u0131 haftal\u0131k makalesinde Suriye&#8217;yi hedef alan emperyalist s\u00f6m\u00fcr\u00fcc\u00fc g\u00fc\u00e7lerin planlar\u0131ndaki ahlaki ve pratiksel derin \u00e7\u00f6k\u00fc\u015fe \u0131\u015f\u0131k tuttu. Mikdat makalesinde uluslar aras\u0131 emperyalist s\u00f6m\u00fcr\u00fcc\u00fc g\u00fc\u00e7lerin \u0130srail, Fransa, ABD, Suudi Arabistan ve T\u00fcrkiye rejimi ile i\u015fbirli\u011fi i\u00e7inde y\u00fcr\u00fct\u00fclen planlar\u0131n Suriye halk\u0131 ve ordusunun efsanevi m\u00fccadeleleri &hellip;<\/p>\n","protected":false},"author":1,"featured_media":23890,"comment_status":"closed","ping_status":"closed","sticky":false,"template":"","format":"standard","meta":{"footnotes":""},"categories":[558,556,458,459,447,2554,2555],"tags":[8710,11508],"class_list":["post-23889","post","type-post","status-publish","format-standard","has-post-thumbnail","","category-arap-basini","category-basin","category-dunya1","category-haberler-arap-uluslararasi-politika","category-politika","category-suriye-ve-dunya","category-suriye-ve-turkiye","tag-tarih","tag-turkiyedeki-rejimin-hatalarini-affetmeyecek-beyrut-disisleri-ve-gurbetciler-bakani-faysal-mikdat-lubnanli-el-bina-gazetesinde-yayimladigi-haftalik-makalesinde-suriyeyi-hedef-alan-emperyali"],"_links":{"self":[{"href":"https:\/\/archive.sana.sy\/tr\/index.php?rest_route=\/wp\/v2\/posts\/23889","targetHints":{"allow":["GET"]}}],"collection":[{"href":"https:\/\/archive.sana.sy\/tr\/index.php?rest_route=\/wp\/v2\/posts"}],"about":[{"href":"https:\/\/archive.sana.sy\/tr\/index.php?rest_route=\/wp\/v2\/types\/post"}],"author":[{"embeddable":true,"href":"https:\/\/archive.sana.sy\/tr\/index.php?rest_route=\/wp\/v2\/users\/1"}],"replies":[{"embeddable":true,"href":"https:\/\/archive.sana.sy\/tr\/index.php?rest_route=%2Fwp%2Fv2%2Fcomments&post=23889"}],"version-history":[{"count":0,"href":"https:\/\/archive.sana.sy\/tr\/index.php?rest_route=\/wp\/v2\/posts\/23889\/revisions"}],"wp:featuredmedia":[{"embeddable":true,"href":"https:\/\/archive.sana.sy\/tr\/index.php?rest_route=\/wp\/v2\/media\/23890"}],"wp:attachment":[{"href":"https:\/\/archive.sana.sy\/tr\/index.php?rest_route=%2Fwp%2Fv2%2Fmedia&parent=23889"}],"wp:term":[{"taxonomy":"category","embeddable":true,"href":"https:\/\/archive.sana.sy\/tr\/index.php?rest_route=%2Fwp%2Fv2%2Fcategories&post=23889"},{"taxonomy":"post_tag","embeddable":true,"href":"https:\/\/archive.sana.sy\/tr\/index.php?rest_route=%2Fwp%2Fv2%2Ftags&post=23889"}],"curies":[{"name":"wp","href":"https:\/\/api.w.org\/{rel}","templated":true}]}}