{"id":23892,"date":"2015-02-14T13:33:19","date_gmt":"2015-02-14T11:33:19","guid":{"rendered":"http:\/\/www.sana.sy\/tr\/?p=23892"},"modified":"2015-02-14T13:33:19","modified_gmt":"2015-02-14T11:33:19","slug":"turkiye-rejiminin-destekledigi-teror-ceteleri-birbirlerini-yiyor","status":"publish","type":"post","link":"https:\/\/archive.sana.sy\/tr\/?p=23892","title":{"rendered":"T\u00fcrkiye Rejiminin Destekledi\u011fi Ter\u00f6r \u00c7eteleri Birbirlerini Yiyor"},"content":{"rendered":"<p>\u0130DL\u0130B \u2013 Kaide \u00d6rg\u00fct\u00fcn\u00fcn Suriye&#8217;deki kolu olan Nusra Cephesinin \u0130dlib iline tabi Salkin B\u00f6lgesindeki komutan\u0131 \u2018Ebu Hasan Cephe\u2019 kod adl\u0131 ter\u00f6r eleba\u015f\u0131 \u00f6ld\u00fcr\u00fcld\u00fc.<\/p>\n<p>Tekfirci ter\u00f6r \u00e7etelere ait sosyal payla\u015f\u0131m sayfalar\u0131; \u2018Ebu Hasan\u2019 kod ad\u0131yla bilinen ter\u00f6r \u00e7etesi eleba\u015f\u0131n\u0131n cesedinin, \u0130dlib k\u0131rsal\u0131n\u0131n Muarrat M\u0131srin Kasabas\u0131nda kafas\u0131 kopar\u0131lm\u0131\u015f olarak bulundu\u011funu belirtti.<\/p>\n<p>Haberlerde \u2018Savaik el Rahman (Rahman Y\u0131ld\u0131r\u0131mlar\u0131) T\u00fcmeni\u2019 ad\u0131yla bilinen ter\u00f6r \u00e7etelerinin \u2018Ebu Hasan\u2019\u0131 ka\u00e7\u0131rma ve onu \u00f6ld\u00fcrme eylemini \u00fcstlendikleri bildirildi. S\u00f6z konusu ter\u00f6r \u00e7eteleri Nusra Cephesinin \u0130dlib k\u0131rsal\u0131n\u0131n muhtelif b\u00f6lgelerinde kendi mevkilerine bulunduklar\u0131 sald\u0131r\u0131lara bir kar\u015f\u0131l\u0131k olarak Nusra Cephesinin\u00a0 komutan\u0131n\u0131 ka\u00e7\u0131r\u0131p \u00f6ld\u00fcrd\u00fcklerini \u00f6ne s\u00fcrd\u00fc.<\/p>\n<p>Di\u011fer yandan ter\u00f6r sayfalar\u0131 Nusra Cephesinin yine \u0130dlib k\u0131rsal\u0131 Kefar N\u00fcbbul Beldesinde \u2018Sukur N\u00fcbb\u00fcl (N\u00fcbbul \u015eahinleri) Taburu\u2019nun komutan\u0131n\u0131 beraberinde bulunan bir\u00e7ok ter\u00f6ristle birlikte ka\u00e7\u0131rd\u0131klar\u0131n\u0131, karargah\u0131nda bulunan silah ve m\u00fchimmata da el koydu\u011funu ifade etmi\u015flerdi.<\/p>\n<p>Bu arada \u0130dlib k\u0131rsal\u0131n\u0131n muhtelif b\u00f6lgelerinde bulunan ve T\u00fcrkiye&#8217;deki rejimden her t\u00fcrl\u00fc deste\u011fi alan ter\u00f6r \u00e7eteleri ordu birliklerimizin darbeleri alt\u0131nda a\u011f\u0131r kay\u0131plar vermeleriyle kar\u015f\u0131l\u0131kl\u0131 olarak su\u00e7lamalarda bulunup, kendi aralar\u0131nda ka\u00e7\u0131rma, suikast ve \u00e7at\u0131\u015fma eylemlerine tan\u0131k oluyor.<\/p>\n<p>A.A.<\/p>\n","protected":false},"excerpt":{"rendered":"<p>\u0130DL\u0130B \u2013 Kaide \u00d6rg\u00fct\u00fcn\u00fcn Suriye&#8217;deki kolu olan Nusra Cephesinin \u0130dlib iline tabi Salkin B\u00f6lgesindeki komutan\u0131 \u2018Ebu Hasan Cephe\u2019 kod adl\u0131 ter\u00f6r eleba\u015f\u0131 \u00f6ld\u00fcr\u00fcld\u00fc. Tekfirci ter\u00f6r \u00e7etelere ait sosyal payla\u015f\u0131m sayfalar\u0131; \u2018Ebu Hasan\u2019 kod ad\u0131yla bilinen ter\u00f6r \u00e7etesi eleba\u015f\u0131n\u0131n cesedinin, \u0130dlib k\u0131rsal\u0131n\u0131n Muarrat M\u0131srin Kasabas\u0131nda kafas\u0131 kopar\u0131lm\u0131\u015f olarak bulundu\u011funu belirtti. Haberlerde \u2018Savaik el Rahman (Rahman Y\u0131ld\u0131r\u0131mlar\u0131) &hellip;<\/p>\n","protected":false},"author":1,"featured_media":23893,"comment_status":"closed","ping_status":"closed","sticky":false,"template":"","format":"standard","meta":{"footnotes":""},"categories":[575,2554,2555],"tags":[11509],"class_list":["post-23892","post","type-post","status-publish","format-standard","has-post-thumbnail","","category-olaylar-ve-gercekler","category-suriye-ve-dunya","category-suriye-ve-turkiye","tag-turkiye-rejiminin-destekledigi-teror-ceteleri-birbirlerini-yiyor-idlib-kaide-orgutunun-suriyedeki-kolu-olan-nusra-cephesinin-idlib-iline-tabi-salkin-bolgesindeki-komutani-ebu-hasan"],"_links":{"self":[{"href":"https:\/\/archive.sana.sy\/tr\/index.php?rest_route=\/wp\/v2\/posts\/23892","targetHints":{"allow":["GET"]}}],"collection":[{"href":"https:\/\/archive.sana.sy\/tr\/index.php?rest_route=\/wp\/v2\/posts"}],"about":[{"href":"https:\/\/archive.sana.sy\/tr\/index.php?rest_route=\/wp\/v2\/types\/post"}],"author":[{"embeddable":true,"href":"https:\/\/archive.sana.sy\/tr\/index.php?rest_route=\/wp\/v2\/users\/1"}],"replies":[{"embeddable":true,"href":"https:\/\/archive.sana.sy\/tr\/index.php?rest_route=%2Fwp%2Fv2%2Fcomments&post=23892"}],"version-history":[{"count":0,"href":"https:\/\/archive.sana.sy\/tr\/index.php?rest_route=\/wp\/v2\/posts\/23892\/revisions"}],"wp:featuredmedia":[{"embeddable":true,"href":"https:\/\/archive.sana.sy\/tr\/index.php?rest_route=\/wp\/v2\/media\/23893"}],"wp:attachment":[{"href":"https:\/\/archive.sana.sy\/tr\/index.php?rest_route=%2Fwp%2Fv2%2Fmedia&parent=23892"}],"wp:term":[{"taxonomy":"category","embeddable":true,"href":"https:\/\/archive.sana.sy\/tr\/index.php?rest_route=%2Fwp%2Fv2%2Fcategories&post=23892"},{"taxonomy":"post_tag","embeddable":true,"href":"https:\/\/archive.sana.sy\/tr\/index.php?rest_route=%2Fwp%2Fv2%2Ftags&post=23892"}],"curies":[{"name":"wp","href":"https:\/\/api.w.org\/{rel}","templated":true}]}}