{"id":238986,"date":"2021-07-10T21:39:32","date_gmt":"2021-07-10T18:39:32","guid":{"rendered":"http:\/\/107.6.182.27\/tr\/?p=238986"},"modified":"2021-07-11T09:24:08","modified_gmt":"2021-07-11T06:24:08","slug":"mikdad-halihazirdaki-formatiyla-insani-yardimlarin-gecisi-basaridir-batili-ve-turk-yardimlarinin-teroristlere-varisinin-engellenmesindeki-cabalardan-memnunuz","status":"publish","type":"post","link":"https:\/\/archive.sana.sy\/tr\/?p=238986","title":{"rendered":"Mikdad: Halihaz\u0131rdaki Format\u0131yla \u0130nsani Yard\u0131mlar\u0131n Ge\u00e7i\u015fi Ba\u015far\u0131d\u0131r, Bat\u0131l\u0131 Ve T\u00fcrk Yard\u0131mlar\u0131n\u0131n Ter\u00f6ristlere Var\u0131\u015f\u0131n\u0131n Engellenmesindeki \u00c7abalardan Memnunuz (V\u0130DEO)"},"content":{"rendered":"<p style=\"text-align: justify;\">\u015eAM &#8211; D\u0131\u015fi\u015fleri ve Gurbet\u00e7iler Bakan\u0131 Dr. Faysal Mikdad, halihaz\u0131rdaki format\u0131yla s\u0131n\u0131r kanal\u0131yla insani yard\u0131mlar\u0131n ge\u00e7i\u015fini uzatmaya ili\u015fkim 2585 say\u0131l\u0131 karar\u0131n kabul edilmesinin ba\u015far\u0131 say\u0131ld\u0131\u011f\u0131n\u0131 \u00e7\u00fcnk\u00fc bat\u0131l\u0131 t\u00fcm \u00fclkelerin reddetti\u011fi t\u00fcm y\u00f6nleri garanti alt\u0131na ald\u0131\u011f\u0131n\u0131 ve insani yard\u0131mlar\u0131n sadece ge\u00e7itler de\u011fil Suriye dahilinden de ula\u015ft\u0131r\u0131lmas\u0131na vargu yapt\u0131\u011f\u0131n\u0131 belirtti.<\/p>\n<p style=\"text-align: justify;\">Bakan Mikdad, gazetecilere yapt\u0131\u011f\u0131 a\u00e7\u0131klamada, &#8220;Karar, Birle\u015fmi\u015f Milletler&#8217;in Suriye topraklar\u0131n\u0131n ve halk\u0131n\u0131n birli\u011fine olan g\u00fc\u00e7l\u00fc inanc\u0131n\u0131 tazeliyor ve bu, Kuzey Suriye&#8217;deki ayr\u0131l\u0131k\u00e7\u0131lar\u0131 destekleyen ABD&#8217;nin yan\u0131 s\u0131ra T\u00fcrk rejiminin de tatmin olmayaca\u011f\u0131 anlam\u0131na geliyor. Ayn\u0131 zamanda, t\u00fcm paragraflar\u0131nda Suriye&#8217;ye, \u00f6zellikle Suriye&#8217;nin i\u00e7 kesimlerinden m\u00fcmk\u00fcn olan t\u00fcm yard\u0131m\u0131n sa\u011flanmas\u0131 gere\u011fini vurgulayan bu kararda militanlar\u0131n ve ter\u00f6ristlerin ku\u015fat\u0131ld\u0131\u011f\u0131 anlam\u0131na geliyor&#8221; dedi.<\/p>\n<p style=\"text-align: justify;\"><span style=\"color: #0000ff;\">Karar, D\u0131\u015f Ge\u00e7itlerin Art\u0131k Bat\u0131&#8217;n\u0131n Suriye&#8217;ye Yard\u0131m Sa\u011flama Ba\u011flam\u0131nda G\u00fcvendi\u011fi Ana Ara\u00e7 Olmad\u0131\u011f\u0131, Daha Ziyade Suriye&#8217;nin \u0130\u00e7 K\u0131sm\u0131n\u0131n Temel Haline Geldi\u011fi Anlam\u0131na Geliyor<\/span><\/p>\n<p style=\"text-align: justify;\">Mikdad, karar\u0131n, d\u0131\u015f ge\u00e7i\u015flerin art\u0131k Bat\u0131&#8217;n\u0131n Suriye&#8217;ye yard\u0131m sa\u011flama ba\u011flam\u0131nda dayand\u0131\u011f\u0131 ana ara\u00e7 olmad\u0131\u011f\u0131, daha ziyade Suriye&#8217;nin i\u00e7 k\u0131sm\u0131n\u0131n temel haline geldi\u011fi anlam\u0131na geldi\u011fini belirterek, Bat\u0131l\u0131 \u00fclkelerin di\u011fer \u00fc\u00e7 ge\u00e7i\u015f kap\u0131s\u0131n\u0131 yeniden a\u00e7mak istediklerini ancak ge\u00e7i\u015fin sadece yar\u0131s\u0131n\u0131 yani Bab el Hava (Cilveg\u00f6z\u00fc) ge\u00e7idini ald\u0131klar\u0131n\u0131, ayr\u0131ca buradan gelen yard\u0131m giri\u015fini bir y\u0131l uzatmak istediklerini ancak dostlar, bu yard\u0131mlar\u0131n sadece alt\u0131 ayl\u0131\u011f\u0131na ge\u00e7irilmesine izin vermeyi kabul etti\u011fini a\u00e7\u0131klad\u0131.<\/p>\n<p style=\"text-align: justify;\">Mikdad, yard\u0131m giri\u015fini Suriye i\u00e7inden vurgulayan yeni kararla devletin \u00fclkeye tam olarak ne girdi\u011fini, g\u0131da ve insani yard\u0131mlar\u0131n nereye gitti\u011finin fark\u0131na varaca\u011f\u0131n\u0131 ve Bat\u0131l\u0131 \u00fclkelerin s\u00f6zde bat\u0131l\u0131 yard\u0131mlar\u0131n ayr\u0131lmaz par\u00e7as\u0131 olmas\u0131 itibariyle ter\u00f6ristlere silah ge\u00e7irmelerinin zorla\u015faca\u011f\u0131n\u0131 a\u00e7\u0131klad\u0131.<\/p>\n<p style=\"text-align: justify;\">D\u0131\u015fi\u015fleri bakan\u0131, Rus ve \u00c7inli dostlarla birlikte G\u00fcvenlik Konseyi&#8217;ndeki di\u011fer dostlar\u0131n, militanlara ve ter\u00f6ristlere Bat\u0131l\u0131 ve T\u00fcrk yard\u0131mlar\u0131n\u0131n serbest eri\u015fimini k\u0131s\u0131tlamay\u0131 ba\u015fard\u0131klar\u0131na i\u015faret ederek, bunun Bab el Hava (Cilveg\u00f6z\u00fc) s\u0131n\u0131r kap\u0131s\u0131n\u0131 kapatmak i\u00e7in \u00f6nemli bir ad\u0131m oldu\u011funu, \u00e7\u00fcnk\u00fc Suriye egemenli\u011fine sayg\u0131n\u0131n, toprak s\u0131n\u0131rlar\u0131na sayg\u0131 g\u00f6sterilmesinden ve Suriye h\u00fck\u00fcmetinin girmesini istemedi\u011fi herhangi bir \u015feyin giri\u015fi i\u00e7in herhangi bir s\u0131n\u0131rda herhangi bir istisna olmamas\u0131ndan kaynakland\u0131\u011f\u0131n\u0131 belirtti.<\/p>\n<p style=\"text-align: justify;\">Mikdad: &#8220;Rus ve \u00c7inli dostlar\u0131n ve ba\u015fta G\u00fcvenlik Konseyi&#8217;nin daimi olmayan \u00fcyeleri olmak \u00fczere di\u011fer \u00fcye devletlerin g\u00f6sterdi\u011fi bu \u00e7abadan memnunuz ve yeni karar\u0131n, uluslararas\u0131 s\u0131n\u0131rlar\u0131 hi\u00e7e sayan ve bu ge\u00e7itleri \u00fclkenin birli\u011fine zarar vermek i\u00e7in kullanan Bat\u0131l\u0131 \u00fclkelerin mal hareketini k\u0131s\u0131tlamas\u0131 ve bu ge\u00e7itleri Suriye topraklar\u0131 ve halk\u0131na k\u00f6t\u00fcl\u00fck yapmak i\u00e7in kullanan bat\u0131l\u0131 \u00fclkelerin hareketine k\u0131s\u0131tlama getirmesi nedeniyle g\u00f6sterdikleri b\u00fcy\u00fck \u00e7aba i\u00e7in minnettarl\u0131\u011f\u0131m\u0131z\u0131 ifade ediyoruz&#8221; dedi.<\/p>\n<p style=\"text-align: justify;\"><span style=\"color: #0000ff;\">S\u0131n\u0131r Ge\u00e7itleri, Bat\u0131l\u0131 \u00dclkeler, ABD Ve Ter\u00f6re Destek Veren Herkes Taraf\u0131ndan Militanlara Ve Ter\u00f6ristlere \u0130stedikleri Malzemeleri Sa\u011flamak \u0130\u00e7in Kullan\u0131l\u0131yordu<\/span><\/p>\n<p style=\"text-align: justify;\">Mikdad, s\u0131n\u0131r kap\u0131lar\u0131n\u0131n Bat\u0131l\u0131 \u00fclkeler, Amerika Birle\u015fik Devletleri ve ter\u00f6re destek veren herkes taraf\u0131ndan militanlara ve ter\u00f6ristlere istedikleri malzemeleri sa\u011flamak i\u00e7in kullan\u0131ld\u0131\u011f\u0131n\u0131 ve bu yard\u0131mla bir\u00e7ok silah\u0131n girildi\u011fini belirterek, Birle\u015fmi\u015f Milletler&#8217;in Bu mekanizmay\u0131 kuran , Suriye&#8217;ye giren mallar\u0131 izleme g\u00f6revini yerine getirmedi\u011fini a\u00e7\u0131klad\u0131.<\/p>\n<p style=\"text-align: justify;\">Mikdad, BM, Bat\u0131l\u0131 \u00fclkeler gibi, Suriye halk\u0131na ger\u00e7ek yard\u0131m\u0131 ge\u00e7irmede ba\u015far\u0131s\u0131z kald\u0131\u011f\u0131n\u0131 \u00f6yle ki bu yard\u0131mlar\u0131n s\u0131n\u0131ra b\u0131rak\u0131ld\u0131\u011f\u0131n\u0131 oradan da silahl\u0131lar, \u00f6rg\u00fctleri ve bat\u0131l\u0131 \u00fclkelere ba\u011fl\u0131 \u00f6rg\u00fctlerin ter\u00f6ristlere veya bu \u00f6rg\u00fctler taraf\u0131ndan halka fahi\u015f fiyatlarla sat\u0131lmak \u00fczere da\u011f\u0131t\u0131ld\u0131\u011f\u0131na dikkat \u00e7ekti.<\/p>\n<p style=\"text-align: justify;\">Mikdat: Bizler bu mekanizma devam edemez dedik. Nitekim G\u00fcvenlik Konseyi&#8217;ndeki arkada\u015flar ba\u015fta Rusya Federasyonu, \u00c7in ve di\u011fer \u00fclkeler olmak \u00fczere yan\u0131m\u0131zda durdu ve \u00fc\u00e7 ge\u00e7it kap\u0131s\u0131n\u0131n (Al-Ramtha, Bab Al Salam ve Al Yarubiyah) kapat\u0131ld\u0131\u011f\u0131n\u0131 yaln\u0131zca son ge\u00e7it kap\u0131s\u0131 olan, ABD&#8217;de, ara\u015ft\u0131rma merkezlerinde, bat\u0131 \u00fclkeleriyle i\u00e7indeki politikac\u0131lar\u0131n ba\u015ftan sona kadar son 6 ay i\u00e7erisinde inan\u0131lmaz bir kampanyaya konu olan ve d\u00fcnyada sadece Bab al Hava s\u0131n\u0131r kap\u0131s\u0131n\u0131n a\u00e7\u0131lmas\u0131 meselesinden ba\u015fka bir mesele kalmayan, Bab Al Hava (Cilveg\u00f6z\u00fc) s\u0131n\u0131r kap\u0131s\u0131n\u0131n kald\u0131\u011f\u0131n\u0131&#8221; s\u00f6yledi.<\/p>\n<p style=\"text-align: justify;\">Mikdad, Bat\u0131l\u0131 \u00fclkelerin, itimat edilen karar\u0131n aksi olmas\u0131na ra\u011fmen, Suriye&#8217;ye yard\u0131m etmeyeceklerinde \u0131srar ettiklerini ve Suriye&#8217;deki kalk\u0131nma ve yeniden yap\u0131lanma projelerine katk\u0131da bulunmak istemediklerine i\u015faret etti.<\/p>\n<p style=\"text-align: center;\"><iframe loading=\"lazy\" title=\"YouTube video player\" src=\"https:\/\/www.youtube.com\/embed\/wq9YzQLkO4c\" width=\"620\" height=\"347\" frameborder=\"0\" allowfullscreen=\"allowfullscreen\"><\/iframe><\/p>\n","protected":false},"excerpt":{"rendered":"<p>\u015eAM &#8211; D\u0131\u015fi\u015fleri ve Gurbet\u00e7iler Bakan\u0131 Dr. Faysal Mikdad, halihaz\u0131rdaki format\u0131yla s\u0131n\u0131r kanal\u0131yla insani yard\u0131mlar\u0131n ge\u00e7i\u015fini uzatmaya ili\u015fkim 2585 say\u0131l\u0131 karar\u0131n kabul edilmesinin ba\u015far\u0131 say\u0131ld\u0131\u011f\u0131n\u0131 \u00e7\u00fcnk\u00fc bat\u0131l\u0131 t\u00fcm \u00fclkelerin reddetti\u011fi t\u00fcm y\u00f6nleri garanti alt\u0131na ald\u0131\u011f\u0131n\u0131 ve insani yard\u0131mlar\u0131n sadece ge\u00e7itler de\u011fil Suriye dahilinden de ula\u015ft\u0131r\u0131lmas\u0131na vargu yapt\u0131\u011f\u0131n\u0131 belirtti. Bakan Mikdad, gazetecilere yapt\u0131\u011f\u0131 a\u00e7\u0131klamada, &#8220;Karar, Birle\u015fmi\u015f &hellip;<\/p>\n","protected":false},"author":1,"featured_media":238988,"comment_status":"closed","ping_status":"closed","sticky":false,"template":"","format":"standard","meta":{"footnotes":""},"categories":[479,17988,478],"tags":[],"class_list":["post-238986","post","type-post","status-publish","format-standard","has-post-thumbnail","","category-haberler-yerel","category-son-haberler","category-yerel"],"_links":{"self":[{"href":"https:\/\/archive.sana.sy\/tr\/index.php?rest_route=\/wp\/v2\/posts\/238986","targetHints":{"allow":["GET"]}}],"collection":[{"href":"https:\/\/archive.sana.sy\/tr\/index.php?rest_route=\/wp\/v2\/posts"}],"about":[{"href":"https:\/\/archive.sana.sy\/tr\/index.php?rest_route=\/wp\/v2\/types\/post"}],"author":[{"embeddable":true,"href":"https:\/\/archive.sana.sy\/tr\/index.php?rest_route=\/wp\/v2\/users\/1"}],"replies":[{"embeddable":true,"href":"https:\/\/archive.sana.sy\/tr\/index.php?rest_route=%2Fwp%2Fv2%2Fcomments&post=238986"}],"version-history":[{"count":0,"href":"https:\/\/archive.sana.sy\/tr\/index.php?rest_route=\/wp\/v2\/posts\/238986\/revisions"}],"wp:featuredmedia":[{"embeddable":true,"href":"https:\/\/archive.sana.sy\/tr\/index.php?rest_route=\/wp\/v2\/media\/238988"}],"wp:attachment":[{"href":"https:\/\/archive.sana.sy\/tr\/index.php?rest_route=%2Fwp%2Fv2%2Fmedia&parent=238986"}],"wp:term":[{"taxonomy":"category","embeddable":true,"href":"https:\/\/archive.sana.sy\/tr\/index.php?rest_route=%2Fwp%2Fv2%2Fcategories&post=238986"},{"taxonomy":"post_tag","embeddable":true,"href":"https:\/\/archive.sana.sy\/tr\/index.php?rest_route=%2Fwp%2Fv2%2Ftags&post=238986"}],"curies":[{"name":"wp","href":"https:\/\/api.w.org\/{rel}","templated":true}]}}