{"id":238995,"date":"2021-07-10T23:16:16","date_gmt":"2021-07-10T20:16:16","guid":{"rendered":"http:\/\/107.6.182.27\/tr\/?p=238995"},"modified":"2021-07-14T08:11:11","modified_gmt":"2021-07-14T05:11:11","slug":"al-zara-koy-halki-teror-sonucunda-tehcir-edilmelerinden-yillarca-sonra-hama-kirsalindaki-evlerine-geri-dondu","status":"publish","type":"post","link":"https:\/\/archive.sana.sy\/tr\/?p=238995","title":{"rendered":"Al Zara K\u00f6y Halk\u0131, Ter\u00f6r Sonucunda Tehcir Edilmelerinden Y\u0131llarca Sonra Hama K\u0131rsal\u0131ndaki Evlerine Geri D\u00f6nd\u00fc"},"content":{"rendered":"<p style=\"text-align: justify;\">HAMA &#8211; Hama&#8217;n\u0131n g\u00fcney k\u0131rsal\u0131ndaki El Zara k\u00f6y halk\u0131, ter\u00f6r \u00f6rg\u00fctleri taraf\u0131ndan tehcir edilmelerinde be\u015f y\u0131l sonra, ter\u00f6ristler taraf\u0131ndan tahrip edilen altyap\u0131n\u0131n ilgili makamlarca rehabilite edilerek halka temel hizmetlerin verilmesinin ard\u0131ndan evlerine d\u00f6nd\u00fc.<\/p>\n<p style=\"text-align: justify;\">Halk, ter\u00f6rden zarar g\u00f6ren hizmet tesislerinin restore edilmesinin ard\u0131ndan k\u00f6ylerine ve evlerine d\u00f6n\u00fc\u015flerinin sa\u011flanmas\u0131 i\u00e7in \u00e7e\u015fitli cihetlere ve destek veren kurulu\u015flara te\u015fekk\u00fcrlerini iletti.<\/p>\n<p style=\"text-align: justify;\">Halk, yeniden yap\u0131lanma ve in\u015faata katk\u0131da bulunma kararl\u0131l\u0131klar\u0131n\u0131 ve t\u00fcm Suriye topraklar\u0131n\u0131n ter\u00f6ristlerin lekesinden kurtar\u0131lmas\u0131na kadar liderlerine ve ordular\u0131na desteklerini vurgulad\u0131lar.<\/p>\n<p style=\"text-align: justify;\">Halk\u0131n d\u00f6n\u00fc\u015f\u00fcne e\u015flik eden Hama Valisi M\u00fchendis Muhammed Tar\u0131k Kri\u015fati yapt\u0131\u011f\u0131 bas\u0131n a\u00e7\u0131klamas\u0131nda: &#8220;Valilik, ter\u00f6rden ar\u0131nd\u0131r\u0131lm\u0131\u015f t\u00fcm alanlar\u0131n rehabilite edilmesi, su, elektrik, sa\u011fl\u0131k merkezleri ve di\u011fer temel hizmetlerin g\u00fcvence alt\u0131na al\u0131nmas\u0131 i\u00e7in vatanda\u015flar\u0131n ter\u00f6r \u00f6rg\u00fctlerinin ge\u00e7ti\u011fimiz y\u0131llarda evlerini terk etmeye zorlad\u0131klar\u0131 evlerine onurlu bir \u015fekilde d\u00f6n\u00fc\u015flerini sa\u011flamak i\u00e7in var g\u00fcc\u00fcyle \u00e7al\u0131\u015f\u0131yor&#8221; dedi.<\/p>\n","protected":false},"excerpt":{"rendered":"<p>HAMA &#8211; Hama&#8217;n\u0131n g\u00fcney k\u0131rsal\u0131ndaki El Zara k\u00f6y halk\u0131, ter\u00f6r \u00f6rg\u00fctleri taraf\u0131ndan tehcir edilmelerinde be\u015f y\u0131l sonra, ter\u00f6ristler taraf\u0131ndan tahrip edilen altyap\u0131n\u0131n ilgili makamlarca rehabilite edilerek halka temel hizmetlerin verilmesinin ard\u0131ndan evlerine d\u00f6nd\u00fc. Halk, ter\u00f6rden zarar g\u00f6ren hizmet tesislerinin restore edilmesinin ard\u0131ndan k\u00f6ylerine ve evlerine d\u00f6n\u00fc\u015flerinin sa\u011flanmas\u0131 i\u00e7in \u00e7e\u015fitli cihetlere ve destek veren kurulu\u015flara te\u015fekk\u00fcrlerini &hellip;<\/p>\n","protected":false},"author":1,"featured_media":238996,"comment_status":"closed","ping_status":"closed","sticky":false,"template":"","format":"standard","meta":{"footnotes":""},"categories":[479,17988,478],"tags":[],"class_list":["post-238995","post","type-post","status-publish","format-standard","has-post-thumbnail","","category-haberler-yerel","category-son-haberler","category-yerel"],"_links":{"self":[{"href":"https:\/\/archive.sana.sy\/tr\/index.php?rest_route=\/wp\/v2\/posts\/238995","targetHints":{"allow":["GET"]}}],"collection":[{"href":"https:\/\/archive.sana.sy\/tr\/index.php?rest_route=\/wp\/v2\/posts"}],"about":[{"href":"https:\/\/archive.sana.sy\/tr\/index.php?rest_route=\/wp\/v2\/types\/post"}],"author":[{"embeddable":true,"href":"https:\/\/archive.sana.sy\/tr\/index.php?rest_route=\/wp\/v2\/users\/1"}],"replies":[{"embeddable":true,"href":"https:\/\/archive.sana.sy\/tr\/index.php?rest_route=%2Fwp%2Fv2%2Fcomments&post=238995"}],"version-history":[{"count":0,"href":"https:\/\/archive.sana.sy\/tr\/index.php?rest_route=\/wp\/v2\/posts\/238995\/revisions"}],"wp:featuredmedia":[{"embeddable":true,"href":"https:\/\/archive.sana.sy\/tr\/index.php?rest_route=\/wp\/v2\/media\/238996"}],"wp:attachment":[{"href":"https:\/\/archive.sana.sy\/tr\/index.php?rest_route=%2Fwp%2Fv2%2Fmedia&parent=238995"}],"wp:term":[{"taxonomy":"category","embeddable":true,"href":"https:\/\/archive.sana.sy\/tr\/index.php?rest_route=%2Fwp%2Fv2%2Fcategories&post=238995"},{"taxonomy":"post_tag","embeddable":true,"href":"https:\/\/archive.sana.sy\/tr\/index.php?rest_route=%2Fwp%2Fv2%2Ftags&post=238995"}],"curies":[{"name":"wp","href":"https:\/\/api.w.org\/{rel}","templated":true}]}}