{"id":239008,"date":"2021-07-11T09:23:34","date_gmt":"2021-07-11T06:23:34","guid":{"rendered":"http:\/\/107.6.182.27\/tr\/?p=239008"},"modified":"2021-07-14T08:11:28","modified_gmt":"2021-07-14T05:11:28","slug":"cumhurbaskani-esad-sivil-ve-askeri-iscilerin-maaslarini-ve-ucretlerini-artirmaya-yonelik-kararname-cikardi","status":"publish","type":"post","link":"https:\/\/archive.sana.sy\/tr\/?p=239008","title":{"rendered":"Cumhurba\u015fkan\u0131 Esad, Sivil ve Askeri \u0130\u015f\u00e7ilerin Maa\u015flar\u0131n\u0131 ve \u00dccretlerini Art\u0131rmaya Y\u00f6nelik Kararname \u00c7\u0131kard\u0131"},"content":{"rendered":"<p>\u015eAM \u2013 Cumhurba\u015fkan\u0131 Be\u015far Esad bug\u00fcn, sivil ve askeri i\u015f\u00e7iler i\u00e7in bu kararnamenin yay\u0131nland\u0131\u011f\u0131 tarihte y\u00fcr\u00fcrl\u00fckte olan maa\u015flara ve ayl\u0131k \u00fccretlere y\u00fczde 50 oran\u0131nda artmak i\u00e7in 2021 y\u0131l\u0131n\u0131n 19 say\u0131l\u0131 Kanun H\u00fckm\u00fcnde Kararname yay\u0131nlad\u0131.<\/p>\n","protected":false},"excerpt":{"rendered":"<p>\u015eAM \u2013 Cumhurba\u015fkan\u0131 Be\u015far Esad bug\u00fcn, sivil ve askeri i\u015f\u00e7iler i\u00e7in bu kararnamenin yay\u0131nland\u0131\u011f\u0131 tarihte y\u00fcr\u00fcrl\u00fckte olan maa\u015flara ve ayl\u0131k \u00fccretlere y\u00fczde 50 oran\u0131nda artmak i\u00e7in 2021 y\u0131l\u0131n\u0131n 19 say\u0131l\u0131 Kanun H\u00fckm\u00fcnde Kararname yay\u0131nlad\u0131.<\/p>\n","protected":false},"author":36,"featured_media":239009,"comment_status":"closed","ping_status":"closed","sticky":false,"template":"","format":"standard","meta":{"footnotes":""},"categories":[479,605,17988,612,599,478],"tags":[],"class_list":["post-239008","post","type-post","status-publish","format-standard","has-post-thumbnail","","category-haberler-yerel","category-sayin-cumhurbaskani","category-son-haberler","category-yasama-kararnameler","category-yasama-ve-kanunlar","category-yerel"],"_links":{"self":[{"href":"https:\/\/archive.sana.sy\/tr\/index.php?rest_route=\/wp\/v2\/posts\/239008","targetHints":{"allow":["GET"]}}],"collection":[{"href":"https:\/\/archive.sana.sy\/tr\/index.php?rest_route=\/wp\/v2\/posts"}],"about":[{"href":"https:\/\/archive.sana.sy\/tr\/index.php?rest_route=\/wp\/v2\/types\/post"}],"author":[{"embeddable":true,"href":"https:\/\/archive.sana.sy\/tr\/index.php?rest_route=\/wp\/v2\/users\/36"}],"replies":[{"embeddable":true,"href":"https:\/\/archive.sana.sy\/tr\/index.php?rest_route=%2Fwp%2Fv2%2Fcomments&post=239008"}],"version-history":[{"count":0,"href":"https:\/\/archive.sana.sy\/tr\/index.php?rest_route=\/wp\/v2\/posts\/239008\/revisions"}],"wp:featuredmedia":[{"embeddable":true,"href":"https:\/\/archive.sana.sy\/tr\/index.php?rest_route=\/wp\/v2\/media\/239009"}],"wp:attachment":[{"href":"https:\/\/archive.sana.sy\/tr\/index.php?rest_route=%2Fwp%2Fv2%2Fmedia&parent=239008"}],"wp:term":[{"taxonomy":"category","embeddable":true,"href":"https:\/\/archive.sana.sy\/tr\/index.php?rest_route=%2Fwp%2Fv2%2Fcategories&post=239008"},{"taxonomy":"post_tag","embeddable":true,"href":"https:\/\/archive.sana.sy\/tr\/index.php?rest_route=%2Fwp%2Fv2%2Ftags&post=239008"}],"curies":[{"name":"wp","href":"https:\/\/api.w.org\/{rel}","templated":true}]}}