{"id":23902,"date":"2015-02-14T21:02:11","date_gmt":"2015-02-14T19:02:11","guid":{"rendered":"http:\/\/www.sana.sy\/tr\/?p=23902"},"modified":"2015-02-15T13:23:06","modified_gmt":"2015-02-15T11:23:06","slug":"isid-ve-diger-teror-cetelerin-agir-kayiplari-devam-ediyor","status":"publish","type":"post","link":"https:\/\/archive.sana.sy\/tr\/?p=23902","title":{"rendered":"I\u015e\u0130D ve Di\u011fer Ter\u00f6r \u00c7etelerin A\u011f\u0131r Kay\u0131plar\u0131 Devam Ediyor"},"content":{"rendered":"<p>\u0130LLER \u2013 Vatan koruyucular\u0131m\u0131z kuzeyde T\u00fcrkiye rejimi, g\u00fcneyde de Siyonist \u0130srail ve \u00dcrd\u00fcn taraf\u0131ndan muhtelif adland\u0131rmalar alt\u0131nda desteklenen tekfirci ve hain ter\u00f6r \u00e7eteleri say\u0131 ve te\u00e7hizatlar\u0131yla a\u011f\u0131r kay\u0131plara u\u011fratmaya devam ediyor.<\/p>\n<p><span style=\"color: #0000ff\">\u015eam K\u0131rsal\u0131nda Nusra Cepheli Ter\u00f6ristler \u00d6ld\u00fcr\u00fcld\u00fc<\/span><\/p>\n<p>Askeri kaynak ordu birliklerimizin \u015eam k\u0131rsal\u0131n\u0131n g\u00fcneybat\u0131s\u0131 Han el \u015eih B\u00f6lgesinde Nusra Cephesine tabi s\u00f6zde \u2018Hak T\u00fcmeni\u2019 ve \u2018Furkan T\u00fcmeni\u2019 ad\u0131yla bilinen tekfirci ter\u00f6r \u00e7etelerle s\u0131cak temasa girdiklerini belirtti.<\/p>\n<p>Kaynak \u00e7at\u0131\u015fmada aralar\u0131nda \u2018Hak T\u00fcmeni\u2019 adl\u0131 \u00e7etelerin komutanlar\u0131ndan \u2018el Cebbavi\u2019 kod adl\u0131 ter\u00f6r eleba\u015f\u0131 ve \u2018Furkan T\u00fcmeni\u2019 \u00e7etelerinin saha komutan\u0131 \u2018Ebu Ubeyda el Hicazi\u2019 kod adl\u0131 \u00e7ete eleba\u015f\u0131n\u0131n bulundu\u011fu \u00e7ok say\u0131da ter\u00f6ristin silah ve ara\u00e7lar\u0131yla birlikte etkisizle\u015ftirildiklerini aktard\u0131.<\/p>\n<p><span style=\"color: #0000ff\">Dera K\u0131rsal\u0131nda Bir\u00e7ok Ara\u00e7lar\u0131 \u0130mha Edildi<\/span><\/p>\n<p>Dera k\u0131rsal\u0131n\u0131n muhtelif b\u00f6lgelerinde \u0130srail ve \u00dcrd\u00fcn\u2019\u00fcn destekledikleri ter\u00f6r \u00e7etelere kar\u015f\u0131 operasyonlar\u0131n\u0131 ba\u015far\u0131yla s\u00fcrd\u00fcren ordu birliklerimiz k\u0131rsal\u0131n Akraba K\u00f6y\u00fcnde bir\u00e7ok arac\u0131 ta\u015f\u0131d\u0131\u011f\u0131 ter\u00f6rist ve cephaneyle birlikte imha etti.<\/p>\n<p>Ordu birliklerimizin ayn\u0131 zamanda Dera k\u0131rsal\u0131n\u0131n Tel Anter, Kefar Nasic \u2013 Kefar \u015eams \u2013 Deyr Ades \u00fc\u00e7geninde ter\u00f6ristlere kar\u015f\u0131 operasyonlar\u0131n\u0131 yo\u011funla\u015ft\u0131rd\u0131klar\u0131n\u0131 aktaran kaynak; y\u00fcksek say\u0131da ter\u00f6risti \u00f6l\u00fc ve yaral\u0131 d\u00fc\u015f\u00fcrd\u00fcklerini ifade etti.<\/p>\n<p><span style=\"color: #0000ff\">Kam\u0131\u015fl\u0131 K\u0131rsal\u0131nda I\u015e\u0130D \u00c7etelerine Y\u00f6nelik Operasyonlar S\u00fcr\u00fcyor<\/span><\/p>\n<p>Di\u011fer yandan ordu birliklerimiz Haseke k\u0131rsal\u0131nda geneli T\u00fcrkiye topraklar\u0131 \u00fczerinden AKP rejiminin sa\u011flad\u0131\u011f\u0131 kolayl\u0131klar ve verdi\u011fi destekle Suriye&#8217;ye girerek masum sivillere kar\u015f\u0131 vah\u015fet dolu eylemler i\u015fleyen I\u015e\u0130D \u00e7etelerine kar\u015f\u0131 operasyonlar\u0131n\u0131 s\u00fcrd\u00fcrd\u00fc.<\/p>\n<p>Saha kaynaklar\u0131 ordu birliklerimizin Haseke iline tabi Kam\u0131\u015fl\u0131 k\u0131rsal\u0131n\u0131n g\u00fcneyi Tel Steyh, Tel Ahmet, Tavaric ve Taktak Kav\u015fa\u011f\u0131 yak\u0131nlar\u0131nda a\u011f\u0131r toplar\u0131n kullan\u0131ld\u0131\u011f\u0131 operasyonlarda I\u015e\u0130D \u00e7etelerini say\u0131 ve te\u00e7hizatlar\u0131yla b\u00fcy\u00fck kay\u0131plara u\u011fratt\u0131klar\u0131n\u0131 aktard\u0131.<\/p>\n<p>Kaynaklar onlarca ter\u00f6ristin \u00f6ld\u00fcr\u00fcld\u00fc\u011f\u00fc operasyonlarda ayr\u0131ca bir z\u0131rhl\u0131 ara\u00e7 ve ter\u00f6r \u00e7etelerin masum sivil vatanda\u015flar\u0131n evlerini y\u0131kma ve siperler in\u015fa etmede kulland\u0131klar\u0131 bir dozerin imha edildi\u011fini belirtti.<\/p>\n<p>Bu arada geneli T\u00fcrkiye topraklar\u0131 \u00fczerinden Haseke k\u0131rsal\u0131na s\u0131zan ter\u00f6r \u00e7eteleri b\u00f6lgede \u00e7ok say\u0131da k\u00f6ye sald\u0131r\u0131p insanl\u0131k d\u0131\u015f\u0131 vah\u015fetler i\u015fledi. \u0130nsanlar\u0131 \u00f6ld\u00fcrme ve evlerinden tehcir etmekle yetinmeyen ter\u00f6r \u00e7eteleri yine T\u00fcrkiye&#8217;deki rejimin deste\u011fi ile tarihi eserleri ve vatanda\u015flar\u0131n mallar\u0131n\u0131 gasp edip T\u00fcrk arac\u0131lar yoluyla yurtd\u0131\u015f\u0131na sat\u0131yor.<\/p>\n<p>Di\u011fer yandan ter\u00f6r yanl\u0131s\u0131 medya ara\u00e7lar\u0131 Halep k\u0131rsal\u0131n\u0131n Ayn Arap Kasabas\u0131 civar\u0131nda K\u00fcrt halk koruma g\u00fc\u00e7leri ile I\u015e\u0130D aras\u0131ndaki \u00e7at\u0131\u015fmalarda I\u015e\u0130D\u2019in saha komutan\u0131 Kosoval\u0131 \u2018Ebu Abdullah\u2019\u0131n \u00f6ld\u00fcr\u00fcld\u00fc\u011f\u00fcn\u00fc belirtti.<\/p>\n<p><span style=\"color: #0000ff\">\u0130dlib K\u0131rsal\u0131nda Ter\u00f6ristlerin Yuva ve K\u00fcmelenme Yerleri \u0130mha Edildi <\/span><\/p>\n<p>Bu arada ordu birliklerimiz \u0130dlib k\u0131rsal\u0131n\u0131n Tel Selmo, Mecas, Um Creyn, Beyyaat, Teftenaz, ve Tel Denit b\u00f6lgelerinde ter\u00f6ristlerin yuva ve k\u00fcmelenme yerlerini hedef almalar\u0131 sonucunda ter\u00f6ristlere ait bir\u00e7ok arac\u0131 imha edip onlarca ter\u00f6risti \u00f6ld\u00fcrd\u00fc.<\/p>\n<p><span style=\"color: #0000ff\">Kunaytra\u2019da Ter\u00f6ristlerin Toplanma Mevkileri Hedef Al\u0131nd\u0131<\/span><\/p>\n<p>Askeri kaynak ordu birliklerimizin Kunaytra Kentinin g\u00fcneydo\u011fusu Biir el Acem K\u00f6y\u00fcn\u00fcn \u00e7evresine d\u00fc\u015fen Resm el Halebi ve Rosum Hamis noktalar\u0131nda ter\u00f6ristlerin toplanma yerlerini hedef ald\u0131klar\u0131n\u0131 belirtti.<br \/>\nKaynak operasyonlarda \u00e7etelerin silah ve m\u00fchimmatlar\u0131n\u0131 imha edip \u00e7ok say\u0131da ter\u00f6risti \u00f6l\u00fc ve yaral\u0131 d\u00fc\u015f\u00fcrd\u00fcklerini ifade etti.<\/p>\n<p><span style=\"color: #0000ff\">Homs K\u0131rsal\u0131nda Cephane Ta\u015f\u0131yan Ara\u00e7lar\u0131 \u0130mha Edildi<\/span><\/p>\n<p>Homs k\u0131rsal\u0131nda askeri bir kaynak ordu birliklerimizin Homs Kentinin 40 km do\u011fusuna d\u00fc\u015fen Hannura K\u00f6y\u00fc yak\u0131nlar\u0131nda ter\u00f6ristlere ait b\u00fcy\u00fck miktarda cephane ve patlay\u0131c\u0131 ta\u015f\u0131yan b\u00fcy\u00fck bir kamyonu havaya u\u00e7urduklar\u0131n\u0131 belirtti. Kaynak kamyonda bulunan ter\u00f6ristlerin t\u00fcm\u00fcn\u00fcn \u00f6ld\u00fc\u011f\u00fcn\u00fc s\u00f6yledi.<\/p>\n<p>Kaynak ordu birliklerimizin Homs Kentinin yakla\u015f\u0131k 70 km do\u011fusuna d\u00fc\u015fen Mannuh ile Tafha k\u00f6yleri aras\u0131ndaki b\u00f6lgeye ilaveten Unk el Hava B\u00f6lgesinde tekfirci ve hain ter\u00f6ristleri kovalama operasyonlar\u0131n\u0131 s\u00fcrd\u00fcrerek \u00e7ok say\u0131da ter\u00f6risti etkisizle\u015ftirdiklerini aktard\u0131.<\/p>\n<p>Ordu birliklerimizin Cub el Cerrah Nahiyesine sald\u0131ran ter\u00f6ristlerle \u00e7at\u0131\u015fmaya girdiklerini belirten kaynak, muhtelif t\u00fcr silahlar\u0131n kullan\u0131ld\u0131\u011f\u0131 \u00e7at\u0131\u015fmalarda sald\u0131rganlar\u0131n t\u00fcm\u00fcn\u00fc etkisiz olarak ele ge\u00e7irdiklerini ifade etti.<\/p>\n<p>Bilinece\u011fi \u00fczere Cub el Cerrah ve civar k\u00f6y-beldeler Suudi Arabistan krall\u0131k rejiminin destekledi\u011fi \u2018\u0130slami Cephe\u2019 ve \u2018Ahrar el \u015eam Hareketi\u2019 olarak bilinen ter\u00f6r \u00e7eteleri taraf\u0131ndan s\u00fcrekli olarak sald\u0131r\u0131lara maruz kalmaktalar.<\/p>\n<p>Askeri kaynak ordu birliklerimizin Homs k\u0131rsal\u0131nda Nusra Cephesi, Homs Lejyonu ve Faruk Taburlar\u0131 olarak bilinen tekfirci ter\u00f6r \u00e7etelerinin ana karargah\u0131 say\u0131lan Resten B\u00f6lgesinin Bellan k\u00f6y\u00fcnde ter\u00f6ristlere ait bir arac\u0131 y\u00fck\u00fcyle birlikte tamamen imha etti.<\/p>\n<p><span style=\"color: #0000ff\">S\u00fcveyda K\u0131rsal\u0131nda Ter\u00f6ristlerin A\u011f\u0131r Makineli Silahla Donat\u0131lm\u0131\u015f Bir Ara\u00e7 \u0130mha Edildi<\/span><\/p>\n<p><span style=\"color: #000000\">\u00d6te yandan ordu birliklerimiz S\u00fcveyda k\u0131rsal\u0131n\u0131n Tel E\u015fhib B\u00f6lgesinde ter\u00f6ristlere ait a\u011f\u0131r makineli silahla donat\u0131lm\u0131\u015f bir arac\u0131 ta\u015f\u0131d\u0131\u011f\u0131 ter\u00f6ristlerle birlikte imha etti. <\/span><\/p>\n<p>A.A. &#8211; M.M.<\/p>\n","protected":false},"excerpt":{"rendered":"<p>\u0130LLER \u2013 Vatan koruyucular\u0131m\u0131z kuzeyde T\u00fcrkiye rejimi, g\u00fcneyde de Siyonist \u0130srail ve \u00dcrd\u00fcn taraf\u0131ndan muhtelif adland\u0131rmalar alt\u0131nda desteklenen tekfirci ve hain ter\u00f6r \u00e7eteleri say\u0131 ve te\u00e7hizatlar\u0131yla a\u011f\u0131r kay\u0131plara u\u011fratmaya devam ediyor. \u015eam K\u0131rsal\u0131nda Nusra Cepheli Ter\u00f6ristler \u00d6ld\u00fcr\u00fcld\u00fc Askeri kaynak ordu birliklerimizin \u015eam k\u0131rsal\u0131n\u0131n g\u00fcneybat\u0131s\u0131 Han el \u015eih B\u00f6lgesinde Nusra Cephesine tabi s\u00f6zde \u2018Hak T\u00fcmeni\u2019 ve &hellip;<\/p>\n","protected":false},"author":1,"featured_media":23908,"comment_status":"closed","ping_status":"closed","sticky":false,"template":"","format":"standard","meta":{"footnotes":""},"categories":[575],"tags":[11514,11513],"class_list":["post-23902","post","type-post","status-publish","format-standard","has-post-thumbnail","","category-olaylar-ve-gercekler","tag-guneyde-de-siyonist-israil-ve-urdun-tarafindan-muhtelif-adlandirmalar-altinda-desteklenen-tekfirci-ve-hain-teror-ceteleri-sayi-ve-techizatlariyla-agir-kayiplara-ugratmaya-devam-ediyor","tag-isid-ve-diger-teror-cetelerin-agir-kayiplari-devam-ediyor-iller-vatan-koruyucularimiz-kuzeyde-turkiye-rejimi"],"_links":{"self":[{"href":"https:\/\/archive.sana.sy\/tr\/index.php?rest_route=\/wp\/v2\/posts\/23902","targetHints":{"allow":["GET"]}}],"collection":[{"href":"https:\/\/archive.sana.sy\/tr\/index.php?rest_route=\/wp\/v2\/posts"}],"about":[{"href":"https:\/\/archive.sana.sy\/tr\/index.php?rest_route=\/wp\/v2\/types\/post"}],"author":[{"embeddable":true,"href":"https:\/\/archive.sana.sy\/tr\/index.php?rest_route=\/wp\/v2\/users\/1"}],"replies":[{"embeddable":true,"href":"https:\/\/archive.sana.sy\/tr\/index.php?rest_route=%2Fwp%2Fv2%2Fcomments&post=23902"}],"version-history":[{"count":0,"href":"https:\/\/archive.sana.sy\/tr\/index.php?rest_route=\/wp\/v2\/posts\/23902\/revisions"}],"wp:featuredmedia":[{"embeddable":true,"href":"https:\/\/archive.sana.sy\/tr\/index.php?rest_route=\/wp\/v2\/media\/23908"}],"wp:attachment":[{"href":"https:\/\/archive.sana.sy\/tr\/index.php?rest_route=%2Fwp%2Fv2%2Fmedia&parent=23902"}],"wp:term":[{"taxonomy":"category","embeddable":true,"href":"https:\/\/archive.sana.sy\/tr\/index.php?rest_route=%2Fwp%2Fv2%2Fcategories&post=23902"},{"taxonomy":"post_tag","embeddable":true,"href":"https:\/\/archive.sana.sy\/tr\/index.php?rest_route=%2Fwp%2Fv2%2Ftags&post=23902"}],"curies":[{"name":"wp","href":"https:\/\/api.w.org\/{rel}","templated":true}]}}