{"id":239023,"date":"2021-07-11T12:15:48","date_gmt":"2021-07-11T09:15:48","guid":{"rendered":"http:\/\/107.6.182.27\/tr\/?p=239023"},"modified":"2021-07-14T08:12:48","modified_gmt":"2021-07-14T05:12:48","slug":"amerikan-isgali-calinti-suriye-bugdayi-tasiyan-yeni-bir-konvoyu-iraka-kacirdi","status":"publish","type":"post","link":"https:\/\/archive.sana.sy\/tr\/?p=239023","title":{"rendered":"Amerikan \u0130\u015fgali \u00c7al\u0131nt\u0131 Suriye Bu\u011fday\u0131 Ta\u015f\u0131yan Yeni Bir Konvoyu Irak\u2019a Ka\u00e7\u0131rd\u0131"},"content":{"rendered":"<p>HASEKE \u2013 Amerikan i\u015fgal g\u00fc\u00e7leri, \u00e7al\u0131nt\u0131 Suriye tah\u0131llar\u0131 ile y\u00fckl\u00fc yani bir konvoyu Haseke k\u0131rsal\u0131n\u0131n kuzeydo\u011fusunda yer alan Tel Alo\u2019nun silolar\u0131ndan kuzey Irak&#8217;a do\u011fru ka\u00e7\u0131rd\u0131.<\/p>\n<p>El Yarubiye k\u0131rsal\u0131ndan yerel kaynaklar SANA&#8217;ya, Tel Alo\u2019nun silolar\u0131ndan \u00e7al\u0131nan Suriye bu\u011fday\u0131 y\u00fckl\u00fc 24 kamyondan olu\u015fan bir konvoyun ve bir dizi kapal\u0131 tankerin, Suriye topraklar\u0131ndan yasad\u0131\u015f\u0131 El Velid g\u00e7idinden Iraka\u2019a do\u011fru ka\u00e7\u0131rd\u0131\u011f\u0131n\u0131 belirtti.<\/p>\n","protected":false},"excerpt":{"rendered":"<p>HASEKE \u2013 Amerikan i\u015fgal g\u00fc\u00e7leri, \u00e7al\u0131nt\u0131 Suriye tah\u0131llar\u0131 ile y\u00fckl\u00fc yani bir konvoyu Haseke k\u0131rsal\u0131n\u0131n kuzeydo\u011fusunda yer alan Tel Alo\u2019nun silolar\u0131ndan kuzey Irak&#8217;a do\u011fru ka\u00e7\u0131rd\u0131. El Yarubiye k\u0131rsal\u0131ndan yerel kaynaklar SANA&#8217;ya, Tel Alo\u2019nun silolar\u0131ndan \u00e7al\u0131nan Suriye bu\u011fday\u0131 y\u00fckl\u00fc 24 kamyondan olu\u015fan bir konvoyun ve bir dizi kapal\u0131 tankerin, Suriye topraklar\u0131ndan yasad\u0131\u015f\u0131 El Velid g\u00e7idinden Iraka\u2019a &hellip;<\/p>\n","protected":false},"author":36,"featured_media":239024,"comment_status":"closed","ping_status":"closed","sticky":false,"template":"","format":"standard","meta":{"footnotes":""},"categories":[479,575,17988,478],"tags":[],"class_list":["post-239023","post","type-post","status-publish","format-standard","has-post-thumbnail","","category-haberler-yerel","category-olaylar-ve-gercekler","category-son-haberler","category-yerel"],"_links":{"self":[{"href":"https:\/\/archive.sana.sy\/tr\/index.php?rest_route=\/wp\/v2\/posts\/239023","targetHints":{"allow":["GET"]}}],"collection":[{"href":"https:\/\/archive.sana.sy\/tr\/index.php?rest_route=\/wp\/v2\/posts"}],"about":[{"href":"https:\/\/archive.sana.sy\/tr\/index.php?rest_route=\/wp\/v2\/types\/post"}],"author":[{"embeddable":true,"href":"https:\/\/archive.sana.sy\/tr\/index.php?rest_route=\/wp\/v2\/users\/36"}],"replies":[{"embeddable":true,"href":"https:\/\/archive.sana.sy\/tr\/index.php?rest_route=%2Fwp%2Fv2%2Fcomments&post=239023"}],"version-history":[{"count":0,"href":"https:\/\/archive.sana.sy\/tr\/index.php?rest_route=\/wp\/v2\/posts\/239023\/revisions"}],"wp:featuredmedia":[{"embeddable":true,"href":"https:\/\/archive.sana.sy\/tr\/index.php?rest_route=\/wp\/v2\/media\/239024"}],"wp:attachment":[{"href":"https:\/\/archive.sana.sy\/tr\/index.php?rest_route=%2Fwp%2Fv2%2Fmedia&parent=239023"}],"wp:term":[{"taxonomy":"category","embeddable":true,"href":"https:\/\/archive.sana.sy\/tr\/index.php?rest_route=%2Fwp%2Fv2%2Fcategories&post=239023"},{"taxonomy":"post_tag","embeddable":true,"href":"https:\/\/archive.sana.sy\/tr\/index.php?rest_route=%2Fwp%2Fv2%2Ftags&post=239023"}],"curies":[{"name":"wp","href":"https:\/\/api.w.org\/{rel}","templated":true}]}}