{"id":239027,"date":"2021-07-11T15:21:59","date_gmt":"2021-07-11T12:21:59","guid":{"rendered":"http:\/\/107.6.182.27\/tr\/?p=239027"},"modified":"2021-07-14T08:13:03","modified_gmt":"2021-07-14T05:13:03","slug":"isgalci-amerikan-ussu-roketli-fuzelerle-hedef-alindi","status":"publish","type":"post","link":"https:\/\/archive.sana.sy\/tr\/?p=239027","title":{"rendered":"\u0130\u015fgalci Amerikan \u00dcss\u00fc Roketli F\u00fczelerle Hedef Al\u0131nd\u0131"},"content":{"rendered":"<p style=\"text-align: justify;\">DEYREZZOR \u2013 SANA Deyrezzor muhabiri yerel kaynaklardan naklen, Deyrezzor K\u0131rsal\u0131ndaki el \u00d6mer Petrol Yata\u011f\u0131ndaki Amerikan i\u015fgal kuvvetleri \u00fcss\u00fcn\u00fcn bug\u00fcn roketli f\u00fczelerle hedef al\u0131nd\u0131\u011f\u0131n\u0131 ifade etti.<\/p>\n<p style=\"text-align: justify;\">Muhabir, i\u015fgalci Amerikan \u00fcss\u00fcnden dumanlar\u0131n y\u00fckseldi\u011fini dile getirdi.<\/p>\n","protected":false},"excerpt":{"rendered":"<p>DEYREZZOR \u2013 SANA Deyrezzor muhabiri yerel kaynaklardan naklen, Deyrezzor K\u0131rsal\u0131ndaki el \u00d6mer Petrol Yata\u011f\u0131ndaki Amerikan i\u015fgal kuvvetleri \u00fcss\u00fcn\u00fcn bug\u00fcn roketli f\u00fczelerle hedef al\u0131nd\u0131\u011f\u0131n\u0131 ifade etti. Muhabir, i\u015fgalci Amerikan \u00fcss\u00fcnden dumanlar\u0131n y\u00fckseldi\u011fini dile getirdi.<\/p>\n","protected":false},"author":1,"featured_media":239028,"comment_status":"closed","ping_status":"closed","sticky":false,"template":"","format":"standard","meta":{"footnotes":""},"categories":[479,575,17988,478],"tags":[],"class_list":["post-239027","post","type-post","status-publish","format-standard","has-post-thumbnail","","category-haberler-yerel","category-olaylar-ve-gercekler","category-son-haberler","category-yerel"],"_links":{"self":[{"href":"https:\/\/archive.sana.sy\/tr\/index.php?rest_route=\/wp\/v2\/posts\/239027","targetHints":{"allow":["GET"]}}],"collection":[{"href":"https:\/\/archive.sana.sy\/tr\/index.php?rest_route=\/wp\/v2\/posts"}],"about":[{"href":"https:\/\/archive.sana.sy\/tr\/index.php?rest_route=\/wp\/v2\/types\/post"}],"author":[{"embeddable":true,"href":"https:\/\/archive.sana.sy\/tr\/index.php?rest_route=\/wp\/v2\/users\/1"}],"replies":[{"embeddable":true,"href":"https:\/\/archive.sana.sy\/tr\/index.php?rest_route=%2Fwp%2Fv2%2Fcomments&post=239027"}],"version-history":[{"count":0,"href":"https:\/\/archive.sana.sy\/tr\/index.php?rest_route=\/wp\/v2\/posts\/239027\/revisions"}],"wp:featuredmedia":[{"embeddable":true,"href":"https:\/\/archive.sana.sy\/tr\/index.php?rest_route=\/wp\/v2\/media\/239028"}],"wp:attachment":[{"href":"https:\/\/archive.sana.sy\/tr\/index.php?rest_route=%2Fwp%2Fv2%2Fmedia&parent=239027"}],"wp:term":[{"taxonomy":"category","embeddable":true,"href":"https:\/\/archive.sana.sy\/tr\/index.php?rest_route=%2Fwp%2Fv2%2Fcategories&post=239027"},{"taxonomy":"post_tag","embeddable":true,"href":"https:\/\/archive.sana.sy\/tr\/index.php?rest_route=%2Fwp%2Fv2%2Ftags&post=239027"}],"curies":[{"name":"wp","href":"https:\/\/api.w.org\/{rel}","templated":true}]}}