{"id":239033,"date":"2021-07-11T19:41:19","date_gmt":"2021-07-11T16:41:19","guid":{"rendered":"http:\/\/107.6.182.27\/tr\/?p=239033"},"modified":"2021-07-14T08:13:17","modified_gmt":"2021-07-14T05:13:17","slug":"el-mikdad-hindistanin-suriye-buyukelcisinin-guven-mektuplarinin-kopyasini-teslim-aldi","status":"publish","type":"post","link":"https:\/\/archive.sana.sy\/tr\/?p=239033","title":{"rendered":"El Mikdad, Hindistan&#8217;\u0131n Suriye B\u00fcy\u00fckel\u00e7isi&#8217;nin G\u00fcven Mektuplar\u0131n\u0131n Kopyas\u0131n\u0131 Teslim Ald\u0131"},"content":{"rendered":"<p style=\"text-align: justify;\">\u015eAM \u2013 D\u0131\u015fi\u015fleri ve Gurbet\u00e7iler Bakan\u0131 Feysal el Mikdad bu sabah B\u00fcy\u00fckel\u00e7i Mahinder Sing Kanyal&#8217;\u0131 kabul etti ve ondan Hindistan Cumhuriyeti&#8217;nin Suriye Arap Cumhuriyeti&#8217;ne Ola\u011fan\u00fcst\u00fc ve Tam Yetkili B\u00fcy\u00fckel\u00e7isi olarak itimatnamesinin bir kopyas\u0131n\u0131 ald\u0131.<\/p>\n<p style=\"text-align: justify;\">G\u00f6r\u00fc\u015fmede, iki \u00fclke aras\u0131ndaki ikili ili\u015fkiler ve bu ili\u015fkilerin iki dost halk\u0131n \u00e7\u0131karlar\u0131na hizmet edecek \u015fekilde her alanda geli\u015ftirilmesi ve g\u00fc\u00e7lendirilmesinin yollar\u0131 ele al\u0131nd\u0131.<\/p>\n<p style=\"text-align: justify;\">Bakan el Mikdad, iki dost \u00fclke aras\u0131nda \u00e7e\u015fitli forumlarda ve alanlarda ve her d\u00fczeyde y\u00fcksek d\u00fczeyde koordinasyondan duydu\u011fu memnuniyeti dile getirdi.<\/p>\n<p style=\"text-align: justify;\">B\u00fcy\u00fckel\u00e7i Mahinder Sing Kanyal ise \u015eam&#8217;da bulunmaktan b\u00fcy\u00fck mutluluk duydu\u011funu ve \u015eam&#8217;a geli\u015finden bu yana g\u00f6rd\u00fc\u011f\u00fc kar\u015f\u0131lama i\u00e7in te\u015fekk\u00fcrlerini iletti. Kanyal, siyasi, ekonomik, k\u00fclt\u00fcrel ve bilimsel alanlar ba\u015fta olmak \u00fczere \u00e7e\u015fitli alanlarda iki \u00fclke aras\u0131ndaki ikili ili\u015fkileri geli\u015ftirme aray\u0131\u015f\u0131n\u0131 teyit ederek, bu alanlarda daha \u00f6nce elde edilenleri \u00f6vd\u00fc.<\/p>\n<p style=\"text-align: justify;\">Kanyal, Hindistan&#8217;\u0131n ter\u00f6rle m\u00fccadeleye aktif kat\u0131l\u0131m\u0131 ve Suriyelilerin \u00e7e\u015fitli alanlarda ihtiya\u00e7 duydu\u011fu insani yard\u0131mlar\u0131n sa\u011flanmas\u0131 yoluyla \u00fclkesinin Suriye&#8217;yi desteklemeye ve desteklemeye haz\u0131r oldu\u011funu teyit etti.<\/p>\n<p style=\"text-align: justify;\">P.M.<\/p>\n","protected":false},"excerpt":{"rendered":"<p>\u015eAM \u2013 D\u0131\u015fi\u015fleri ve Gurbet\u00e7iler Bakan\u0131 Feysal el Mikdad bu sabah B\u00fcy\u00fckel\u00e7i Mahinder Sing Kanyal&#8217;\u0131 kabul etti ve ondan Hindistan Cumhuriyeti&#8217;nin Suriye Arap Cumhuriyeti&#8217;ne Ola\u011fan\u00fcst\u00fc ve Tam Yetkili B\u00fcy\u00fckel\u00e7isi olarak itimatnamesinin bir kopyas\u0131n\u0131 ald\u0131. G\u00f6r\u00fc\u015fmede, iki \u00fclke aras\u0131ndaki ikili ili\u015fkiler ve bu ili\u015fkilerin iki dost halk\u0131n \u00e7\u0131karlar\u0131na hizmet edecek \u015fekilde her alanda geli\u015ftirilmesi ve g\u00fc\u00e7lendirilmesinin &hellip;<\/p>\n","protected":false},"author":1,"featured_media":239034,"comment_status":"closed","ping_status":"closed","sticky":false,"template":"","format":"standard","meta":{"footnotes":""},"categories":[479,17988,478],"tags":[],"class_list":["post-239033","post","type-post","status-publish","format-standard","has-post-thumbnail","","category-haberler-yerel","category-son-haberler","category-yerel"],"_links":{"self":[{"href":"https:\/\/archive.sana.sy\/tr\/index.php?rest_route=\/wp\/v2\/posts\/239033","targetHints":{"allow":["GET"]}}],"collection":[{"href":"https:\/\/archive.sana.sy\/tr\/index.php?rest_route=\/wp\/v2\/posts"}],"about":[{"href":"https:\/\/archive.sana.sy\/tr\/index.php?rest_route=\/wp\/v2\/types\/post"}],"author":[{"embeddable":true,"href":"https:\/\/archive.sana.sy\/tr\/index.php?rest_route=\/wp\/v2\/users\/1"}],"replies":[{"embeddable":true,"href":"https:\/\/archive.sana.sy\/tr\/index.php?rest_route=%2Fwp%2Fv2%2Fcomments&post=239033"}],"version-history":[{"count":0,"href":"https:\/\/archive.sana.sy\/tr\/index.php?rest_route=\/wp\/v2\/posts\/239033\/revisions"}],"wp:featuredmedia":[{"embeddable":true,"href":"https:\/\/archive.sana.sy\/tr\/index.php?rest_route=\/wp\/v2\/media\/239034"}],"wp:attachment":[{"href":"https:\/\/archive.sana.sy\/tr\/index.php?rest_route=%2Fwp%2Fv2%2Fmedia&parent=239033"}],"wp:term":[{"taxonomy":"category","embeddable":true,"href":"https:\/\/archive.sana.sy\/tr\/index.php?rest_route=%2Fwp%2Fv2%2Fcategories&post=239033"},{"taxonomy":"post_tag","embeddable":true,"href":"https:\/\/archive.sana.sy\/tr\/index.php?rest_route=%2Fwp%2Fv2%2Ftags&post=239033"}],"curies":[{"name":"wp","href":"https:\/\/api.w.org\/{rel}","templated":true}]}}