{"id":239048,"date":"2021-07-12T16:03:24","date_gmt":"2021-07-12T13:03:24","guid":{"rendered":"http:\/\/107.6.182.27\/tr\/?p=239048"},"modified":"2021-07-14T08:14:13","modified_gmt":"2021-07-14T05:14:13","slug":"amerikan-isgali-irak-topraklarindan-haseke-kirsalindaki-uslerine-silah-ve-muhimmat-yuklu-48-arac-gecirdi","status":"publish","type":"post","link":"https:\/\/archive.sana.sy\/tr\/?p=239048","title":{"rendered":"Amerikan \u0130\u015fgali, Irak Topraklar\u0131ndan Haseke K\u0131rsal\u0131ndaki \u00dcslerine Silah Ve M\u00fchimmat Y\u00fckl\u00fc 48 Ara\u00e7 Ge\u00e7irdi"},"content":{"rendered":"<p style=\"text-align: justify;\">HASEKE &#8211; Amerikan i\u015fgal g\u00fc\u00e7leri, Haseke k\u0131rsal\u0131ndaki askeri \u00fcslerini desteklemek i\u00e7in Irak topraklar\u0131ndan yasad\u0131\u015f\u0131 El Velid kap\u0131s\u0131ndan gelen silah, m\u00fchimmat ve lojistik te\u00e7hizat y\u00fckl\u00fc yeni bir konvoy ge\u00e7irdi.<\/p>\n<p style=\"text-align: justify;\">Tel Hamis k\u0131rsal\u0131ndan yerel kaynaklar SANA muhabirine verdi\u011fi deme\u00e7te, silah ve m\u00fchimmat y\u00fckl\u00fc kamyonlar ve di\u011fer lojistik ekipman y\u00fckl\u00fc 37 ara\u00e7l\u0131k bir konvoyun yan\u0131 s\u0131ra yeni askeri z\u0131rhl\u0131 ara\u00e7lar ta\u015f\u0131yan 3 tanker ve devasa y\u00fckl\u00fc 8 ta\u015f\u0131y\u0131c\u0131dan olu\u015fan bir konvoyun oldu\u011funu s\u00f6yledi. Irak topraklar\u0131ndan gelerek Tel Hamis&#8217;e, oradan da Haseke k\u0131rsal\u0131ndaki i\u015fgal kurallar\u0131na g\u00f6re bir dizi yola \u00e7\u0131kt\u0131.<\/p>\n<p style=\"text-align: justify;\">Kaynaklar, Suriye topraklar\u0131na giri\u015finden bu yana konvoya Amerikan i\u015fgaline ait \u00fc\u00e7 askeri z\u0131rhl\u0131 arac\u0131n ve ABD destekli &#8220;DSG&#8221; milislerine ait \u00e7e\u015fitli makineli t\u00fcfeklere sahip \u00fc\u00e7 adet d\u00f6rt \u00e7eker arac\u0131n e\u015flik etti\u011fine dikkat \u00e7ekti.<\/p>\n","protected":false},"excerpt":{"rendered":"<p>HASEKE &#8211; Amerikan i\u015fgal g\u00fc\u00e7leri, Haseke k\u0131rsal\u0131ndaki askeri \u00fcslerini desteklemek i\u00e7in Irak topraklar\u0131ndan yasad\u0131\u015f\u0131 El Velid kap\u0131s\u0131ndan gelen silah, m\u00fchimmat ve lojistik te\u00e7hizat y\u00fckl\u00fc yeni bir konvoy ge\u00e7irdi. Tel Hamis k\u0131rsal\u0131ndan yerel kaynaklar SANA muhabirine verdi\u011fi deme\u00e7te, silah ve m\u00fchimmat y\u00fckl\u00fc kamyonlar ve di\u011fer lojistik ekipman y\u00fckl\u00fc 37 ara\u00e7l\u0131k bir konvoyun yan\u0131 s\u0131ra yeni askeri &hellip;<\/p>\n","protected":false},"author":1,"featured_media":239049,"comment_status":"closed","ping_status":"closed","sticky":false,"template":"","format":"standard","meta":{"footnotes":""},"categories":[479,575,17988,478],"tags":[],"class_list":["post-239048","post","type-post","status-publish","format-standard","has-post-thumbnail","","category-haberler-yerel","category-olaylar-ve-gercekler","category-son-haberler","category-yerel"],"_links":{"self":[{"href":"https:\/\/archive.sana.sy\/tr\/index.php?rest_route=\/wp\/v2\/posts\/239048","targetHints":{"allow":["GET"]}}],"collection":[{"href":"https:\/\/archive.sana.sy\/tr\/index.php?rest_route=\/wp\/v2\/posts"}],"about":[{"href":"https:\/\/archive.sana.sy\/tr\/index.php?rest_route=\/wp\/v2\/types\/post"}],"author":[{"embeddable":true,"href":"https:\/\/archive.sana.sy\/tr\/index.php?rest_route=\/wp\/v2\/users\/1"}],"replies":[{"embeddable":true,"href":"https:\/\/archive.sana.sy\/tr\/index.php?rest_route=%2Fwp%2Fv2%2Fcomments&post=239048"}],"version-history":[{"count":0,"href":"https:\/\/archive.sana.sy\/tr\/index.php?rest_route=\/wp\/v2\/posts\/239048\/revisions"}],"wp:featuredmedia":[{"embeddable":true,"href":"https:\/\/archive.sana.sy\/tr\/index.php?rest_route=\/wp\/v2\/media\/239049"}],"wp:attachment":[{"href":"https:\/\/archive.sana.sy\/tr\/index.php?rest_route=%2Fwp%2Fv2%2Fmedia&parent=239048"}],"wp:term":[{"taxonomy":"category","embeddable":true,"href":"https:\/\/archive.sana.sy\/tr\/index.php?rest_route=%2Fwp%2Fv2%2Fcategories&post=239048"},{"taxonomy":"post_tag","embeddable":true,"href":"https:\/\/archive.sana.sy\/tr\/index.php?rest_route=%2Fwp%2Fv2%2Ftags&post=239048"}],"curies":[{"name":"wp","href":"https:\/\/api.w.org\/{rel}","templated":true}]}}