{"id":23905,"date":"2015-02-14T15:45:41","date_gmt":"2015-02-14T13:45:41","guid":{"rendered":"http:\/\/www.sana.sy\/tr\/?p=23905"},"modified":"2015-02-14T15:13:09","modified_gmt":"2015-02-14T13:13:09","slug":"unesco-2199-sayili-karari-memnuniyetle-karsiladi","status":"publish","type":"post","link":"https:\/\/archive.sana.sy\/tr\/?p=23905","title":{"rendered":"UNESCO 2199 Say\u0131l\u0131 Karar\u0131 Memnuniyetle Kar\u015f\u0131lad\u0131"},"content":{"rendered":"<p>NEW YORK \u2013 BM E\u011fitim K\u00fclt\u00fcr ve Bilim \u00d6rg\u00fct\u00fc UNESCO, Uluslararas\u0131 G\u00fcvenlik Konseyinin ter\u00f6r \u00f6rg\u00fctlerin finans\u0131n\u0131 frenleyecek 2199 say\u0131l\u0131 karar\u0131ndan memnuniyetini ifade etti.<\/p>\n<p>BM web sitesinin aktard\u0131\u011f\u0131 a\u00e7\u0131klamalar\u0131nda UNESCO genel m\u00fcd\u00fcr\u00fc \u0130rina Bokova; s\u00f6z konusu karar\u0131n ter\u00f6r \u00f6rg\u00fctlerin Suriye ve Irak\u2019ta tarihi eser ve k\u00fclt\u00fcrel miras\u0131 gasp edip satmalar\u0131n\u0131 yasaklad\u0131\u011f\u0131n\u0131, bunu \u00f6nleme amac\u0131yla da zorlay\u0131c\u0131 icraatlar gerektirdi\u011fine dikkat \u00e7ekti.<\/p>\n<p>Bokova ter\u00f6r \u00f6rg\u00fctlerin insanl\u0131k ve medeniyete verdikleri hasara i\u015faret ederken, bunu \u00f6nlemek i\u00e7in siyasi ve g\u00fcvenlik \u00f6nlemlerinin al\u0131nmas\u0131n\u0131n ka\u00e7\u0131n\u0131lmaz bir gereksinim haline geldi\u011fine vurgu yapt\u0131.<\/p>\n<p>Bokova tarihi eser ve k\u00fclt\u00fcrel miras\u0131n ter\u00f6ristler taraf\u0131ndan ya\u011fmalan\u0131p sat\u0131lmas\u0131n\u0131n sadece medeniyet ve insan tarihine kar\u015f\u0131 bir facia olmad\u0131\u011f\u0131n\u0131, ter\u00f6r\u00fcn finanse edilmesi ve yay\u0131lmas\u0131nda da b\u00fcy\u00fck bir rol oynad\u0131\u011f\u0131na dikkat \u00e7ekti.<\/p>\n<p>A.A. \u2013 M.M<\/p>\n","protected":false},"excerpt":{"rendered":"<p>NEW YORK \u2013 BM E\u011fitim K\u00fclt\u00fcr ve Bilim \u00d6rg\u00fct\u00fc UNESCO, Uluslararas\u0131 G\u00fcvenlik Konseyinin ter\u00f6r \u00f6rg\u00fctlerin finans\u0131n\u0131 frenleyecek 2199 say\u0131l\u0131 karar\u0131ndan memnuniyetini ifade etti. BM web sitesinin aktard\u0131\u011f\u0131 a\u00e7\u0131klamalar\u0131nda UNESCO genel m\u00fcd\u00fcr\u00fc \u0130rina Bokova; s\u00f6z konusu karar\u0131n ter\u00f6r \u00f6rg\u00fctlerin Suriye ve Irak\u2019ta tarihi eser ve k\u00fclt\u00fcrel miras\u0131 gasp edip satmalar\u0131n\u0131 yasaklad\u0131\u011f\u0131n\u0131, bunu \u00f6nleme amac\u0131yla da zorlay\u0131c\u0131 &hellip;<\/p>\n","protected":false},"author":1,"featured_media":23906,"comment_status":"closed","ping_status":"closed","sticky":false,"template":"","format":"standard","meta":{"footnotes":""},"categories":[458,459,447],"tags":[11516,11517,11515],"class_list":["post-23905","post","type-post","status-publish","format-standard","has-post-thumbnail","","category-dunya1","category-haberler-arap-uluslararasi-politika","category-politika","tag-new-york-bm-egitim-kultur-ve-bilim-orgutu-unesco","tag-uluslararasi-guvenlik-konseyinin-teror-orgutlerin-finansini-frenleyecek-2199-sayili-kararindan-memnuniyetini-ifade-etti","tag-unesco-2199-sayili-karari-memnuniyetle-karsiladi"],"_links":{"self":[{"href":"https:\/\/archive.sana.sy\/tr\/index.php?rest_route=\/wp\/v2\/posts\/23905","targetHints":{"allow":["GET"]}}],"collection":[{"href":"https:\/\/archive.sana.sy\/tr\/index.php?rest_route=\/wp\/v2\/posts"}],"about":[{"href":"https:\/\/archive.sana.sy\/tr\/index.php?rest_route=\/wp\/v2\/types\/post"}],"author":[{"embeddable":true,"href":"https:\/\/archive.sana.sy\/tr\/index.php?rest_route=\/wp\/v2\/users\/1"}],"replies":[{"embeddable":true,"href":"https:\/\/archive.sana.sy\/tr\/index.php?rest_route=%2Fwp%2Fv2%2Fcomments&post=23905"}],"version-history":[{"count":0,"href":"https:\/\/archive.sana.sy\/tr\/index.php?rest_route=\/wp\/v2\/posts\/23905\/revisions"}],"wp:featuredmedia":[{"embeddable":true,"href":"https:\/\/archive.sana.sy\/tr\/index.php?rest_route=\/wp\/v2\/media\/23906"}],"wp:attachment":[{"href":"https:\/\/archive.sana.sy\/tr\/index.php?rest_route=%2Fwp%2Fv2%2Fmedia&parent=23905"}],"wp:term":[{"taxonomy":"category","embeddable":true,"href":"https:\/\/archive.sana.sy\/tr\/index.php?rest_route=%2Fwp%2Fv2%2Fcategories&post=23905"},{"taxonomy":"post_tag","embeddable":true,"href":"https:\/\/archive.sana.sy\/tr\/index.php?rest_route=%2Fwp%2Fv2%2Ftags&post=23905"}],"curies":[{"name":"wp","href":"https:\/\/api.w.org\/{rel}","templated":true}]}}