{"id":239051,"date":"2021-07-12T16:15:07","date_gmt":"2021-07-12T13:15:07","guid":{"rendered":"http:\/\/107.6.182.27\/tr\/?p=239051"},"modified":"2021-07-17T14:25:08","modified_gmt":"2021-07-17T11:25:08","slug":"basbakan-arnus-baas-universitesi-hastanesi-ve-el-munavara-projelerini-hizmete-aciyor","status":"publish","type":"post","link":"https:\/\/archive.sana.sy\/tr\/?p=239051","title":{"rendered":"Ba\u015fbakan Arnus, Baas \u00dcniversitesi Hastanesi ve El Munavara Projelerini Hizmete A\u00e7\u0131yor (V\u0130DEO)"},"content":{"rendered":"<p>HOMS \u2013 Ba\u015fbakan H\u00fcseyin Arnus bug\u00fcn, Homs \u0130li&#8217;ne inceleme ziyaretinde bulunan h\u00fck\u00fcmet heyetine ba\u015fkanl\u0131k ederken, Kuseyr k\u0131rsal\u0131ndaki Dabaa b\u00f6lgesinden Homs \u015fehrine su \u00e7ekmek i\u00e7in Ramzun sahas\u0131ndaki eski ve yeni \u00e7eki\u015f kanal\u0131 aras\u0131ndaki Munavara tesisi projesini hizmete a\u00e7t\u0131.<\/p>\n<p>Homs&#8217;taki Genel Su Kurumu Genel M\u00fcd\u00fcr\u00fc Hassan Hmeydan SANA\u2019ya yapt\u0131\u011f\u0131 a\u00e7\u0131klamada, Dabaa b\u00f6lgesinden Homs \u015fehrine do\u011fru su kanal\u0131 projesinin Homs \u015fehrine hizmet edecek Yukar\u0131 el Assi projesinin bir par\u00e7as\u0131 oldu\u011funu belirtti.<\/p>\n<p>Hmeydan ayr\u0131ca, kanal\u0131n elli y\u0131ldan daha eski olan eski kanala alternatif oldu\u011funu ve eski kanaldan kaynaklanan at\u0131k y\u00fczdesini azaltmak i\u00e7in stat\u00fcs\u00fcn\u00fcn hizmete girdi\u011fini ve bunun bir tak\u0131m alanlar\u0131n beslenmesine olumlu yans\u0131yaca\u011f\u0131n\u0131 s\u00f6zlerine ekledi.<\/p>\n<p>Homs \u0130li\u2019ne bulundu\u011fu tur s\u0131ras\u0131nda Ba\u015fbakan Arnus ayr\u0131ca, el Baas \u00dcniversite Hastanesi projesini hizmete a\u00e7t\u0131.<\/p>\n<p>El Baas \u00dcniversitesi M\u00fcd\u00fcr\u00fc Abdul Basit el Hatib, SANA muhabirine yapt\u0131\u011f\u0131 a\u00e7\u0131klamada, \u00fcniversite hastanesinin 300 yatakl\u0131, hastanenin aksesuarlar\u0131yla birlikte toplam taban alan\u0131n\u0131n 13.000 metrekare oldu\u011funu s\u00f6yledi. Hastane be\u015f kat, bir bodrum ve ona ba\u011fl\u0131 di\u011fer hizmet binalar\u0131ndan olu\u015fmaktad\u0131r.<\/p>\n<p>El Hatib, ikinci katta Kad\u0131n Hastal\u0131klar\u0131 ve Do\u011fum B\u00f6l\u00fcm\u00fc, \u00c7ocuk Sa\u011fl\u0131\u011f\u0131 ve Hastal\u0131klar\u0131 B\u00f6l\u00fcm\u00fc, Kuv\u00f6z B\u00f6l\u00fcm\u00fc ve bir konferans salonunun bulundu\u011funa dikkat \u00e7ekti. \u00dc\u00e7\u00fcnc\u00fc katta ise hasta odalar\u0131, d\u00f6rd\u00fcnc\u00fc katta ise hasta odalar\u0131 ve diyaliz b\u00f6l\u00fcm\u00fc bulunmaktad\u0131r. Bodrum kat\u0131nda mutfak, \u00e7ama\u015f\u0131rhaneler, kazanlar ve depolar bulunurken, ek binalarda (t\u0131bbi gazlar, jenerat\u00f6rler, d\u00f6n\u00fc\u015f\u00fcm merkezleri ve manyetik rezonans) yer almaktad\u0131r.<\/p>\n<p style=\"text-align: center;\"><iframe loading=\"lazy\" title=\"YouTube video player\" src=\"https:\/\/www.youtube.com\/embed\/dEyrDrum9vM\" width=\"620\" height=\"347\" frameborder=\"0\" allowfullscreen=\"allowfullscreen\"><\/iframe><\/p>\n","protected":false},"excerpt":{"rendered":"<p>HOMS \u2013 Ba\u015fbakan H\u00fcseyin Arnus bug\u00fcn, Homs \u0130li&#8217;ne inceleme ziyaretinde bulunan h\u00fck\u00fcmet heyetine ba\u015fkanl\u0131k ederken, Kuseyr k\u0131rsal\u0131ndaki Dabaa b\u00f6lgesinden Homs \u015fehrine su \u00e7ekmek i\u00e7in Ramzun sahas\u0131ndaki eski ve yeni \u00e7eki\u015f kanal\u0131 aras\u0131ndaki Munavara tesisi projesini hizmete a\u00e7t\u0131. Homs&#8217;taki Genel Su Kurumu Genel M\u00fcd\u00fcr\u00fc Hassan Hmeydan SANA\u2019ya yapt\u0131\u011f\u0131 a\u00e7\u0131klamada, Dabaa b\u00f6lgesinden Homs \u015fehrine do\u011fru su kanal\u0131 &hellip;<\/p>\n","protected":false},"author":1,"featured_media":239052,"comment_status":"closed","ping_status":"closed","sticky":false,"template":"","format":"standard","meta":{"footnotes":""},"categories":[479,17988,478],"tags":[],"class_list":["post-239051","post","type-post","status-publish","format-standard","has-post-thumbnail","","category-haberler-yerel","category-son-haberler","category-yerel"],"_links":{"self":[{"href":"https:\/\/archive.sana.sy\/tr\/index.php?rest_route=\/wp\/v2\/posts\/239051","targetHints":{"allow":["GET"]}}],"collection":[{"href":"https:\/\/archive.sana.sy\/tr\/index.php?rest_route=\/wp\/v2\/posts"}],"about":[{"href":"https:\/\/archive.sana.sy\/tr\/index.php?rest_route=\/wp\/v2\/types\/post"}],"author":[{"embeddable":true,"href":"https:\/\/archive.sana.sy\/tr\/index.php?rest_route=\/wp\/v2\/users\/1"}],"replies":[{"embeddable":true,"href":"https:\/\/archive.sana.sy\/tr\/index.php?rest_route=%2Fwp%2Fv2%2Fcomments&post=239051"}],"version-history":[{"count":0,"href":"https:\/\/archive.sana.sy\/tr\/index.php?rest_route=\/wp\/v2\/posts\/239051\/revisions"}],"wp:featuredmedia":[{"embeddable":true,"href":"https:\/\/archive.sana.sy\/tr\/index.php?rest_route=\/wp\/v2\/media\/239052"}],"wp:attachment":[{"href":"https:\/\/archive.sana.sy\/tr\/index.php?rest_route=%2Fwp%2Fv2%2Fmedia&parent=239051"}],"wp:term":[{"taxonomy":"category","embeddable":true,"href":"https:\/\/archive.sana.sy\/tr\/index.php?rest_route=%2Fwp%2Fv2%2Fcategories&post=239051"},{"taxonomy":"post_tag","embeddable":true,"href":"https:\/\/archive.sana.sy\/tr\/index.php?rest_route=%2Fwp%2Fv2%2Ftags&post=239051"}],"curies":[{"name":"wp","href":"https:\/\/api.w.org\/{rel}","templated":true}]}}