{"id":239060,"date":"2021-07-13T13:31:25","date_gmt":"2021-07-13T10:31:25","guid":{"rendered":"http:\/\/107.6.182.27\/tr\/?p=239060"},"modified":"2021-07-14T08:15:06","modified_gmt":"2021-07-14T05:15:06","slug":"grospic-erdoganin-politikasi-baskalarinin-topraklarini-isgal-etmek-servet-hirsizligi-ve-haydutluk-uzerine-kurulu","status":"publish","type":"post","link":"https:\/\/archive.sana.sy\/tr\/?p=239060","title":{"rendered":"Grospi\u00e7: Erdo\u011fan&#8217;\u0131n Politikas\u0131 Ba\u015fkalar\u0131n\u0131n Topraklar\u0131n\u0131 \u0130\u015fgal Etmek, Servet H\u0131rs\u0131zl\u0131\u011f\u0131 Ve Haydutluk \u00dczerine Kurulu"},"content":{"rendered":"<p style=\"text-align: justify;\">PRAG &#8211; Moravyal\u0131 \u00c7ek Kom\u00fcnist Partisi Ba\u015fkan Yard\u0131mc\u0131s\u0131, \u00c7ek ve Moravyave Selzko sendikalar\u0131 grup ba\u015fkan\u0131 Stanislav Grospi\u00e7, i\u015fgalci T\u00fcrkiye taraf\u0131ndan Suriye&#8217;nin baz\u0131 b\u00f6lgelerinde y\u00fcr\u00fct\u00fclen T\u00fcrkle\u015ftirme politikas\u0131n\u0131n kabul edilemez oldu\u011funu ve uluslararas\u0131 k\u0131namay\u0131 hak etti\u011fini belirtti.<\/p>\n<p style=\"text-align: justify;\">Grospi\u00e7, bug\u00fcn \u00c7ekli Hello Novini gazetesinde yay\u0131nlanan bir yaz\u0131s\u0131nda, T\u00fcrk rejim g\u00fc\u00e7lerinin Suriye topraklar\u0131nda yasad\u0131\u015f\u0131 olarak bulundu\u011funu ve bu nedenle i\u015fgalci g\u00fc\u00e7ler oldu\u011funu vurgulayarak, \u201cBu rejimin ba\u015fkan\u0131 Recep Tayyip Erdo\u011fan&#8217;\u0131n politikalar\u0131, ter\u00f6r\u00fc desteklemeyi, yay\u0131lmay\u0131, ba\u015fkalar\u0131n\u0131n topraklar\u0131n\u0131 i\u015fgal etmeyi, servet h\u0131rs\u0131zl\u0131\u011f\u0131n\u0131 ve e\u015fk\u0131yal\u0131\u011f\u0131 temel al\u0131yor, ki bu kabul edilemez\u201d dedi.<\/p>\n<p style=\"text-align: justify;\">Grospi\u00e7, Suriye&#8217;nin geri kalan topraklar\u0131n\u0131 ter\u00f6rizmden ve T\u00fcrk ve Amerikan i\u015fgallerinden kurtarma \u00e7abalar\u0131na destek verdi\u011fini ifade etti.<\/p>\n","protected":false},"excerpt":{"rendered":"<p>PRAG &#8211; Moravyal\u0131 \u00c7ek Kom\u00fcnist Partisi Ba\u015fkan Yard\u0131mc\u0131s\u0131, \u00c7ek ve Moravyave Selzko sendikalar\u0131 grup ba\u015fkan\u0131 Stanislav Grospi\u00e7, i\u015fgalci T\u00fcrkiye taraf\u0131ndan Suriye&#8217;nin baz\u0131 b\u00f6lgelerinde y\u00fcr\u00fct\u00fclen T\u00fcrkle\u015ftirme politikas\u0131n\u0131n kabul edilemez oldu\u011funu ve uluslararas\u0131 k\u0131namay\u0131 hak etti\u011fini belirtti. Grospi\u00e7, bug\u00fcn \u00c7ekli Hello Novini gazetesinde yay\u0131nlanan bir yaz\u0131s\u0131nda, T\u00fcrk rejim g\u00fc\u00e7lerinin Suriye topraklar\u0131nda yasad\u0131\u015f\u0131 olarak bulundu\u011funu ve bu nedenle &hellip;<\/p>\n","protected":false},"author":1,"featured_media":239061,"comment_status":"closed","ping_status":"closed","sticky":false,"template":"","format":"standard","meta":{"footnotes":""},"categories":[458,459,17988,2554,2555],"tags":[],"class_list":["post-239060","post","type-post","status-publish","format-standard","has-post-thumbnail","","category-dunya1","category-haberler-arap-uluslararasi-politika","category-son-haberler","category-suriye-ve-dunya","category-suriye-ve-turkiye"],"_links":{"self":[{"href":"https:\/\/archive.sana.sy\/tr\/index.php?rest_route=\/wp\/v2\/posts\/239060","targetHints":{"allow":["GET"]}}],"collection":[{"href":"https:\/\/archive.sana.sy\/tr\/index.php?rest_route=\/wp\/v2\/posts"}],"about":[{"href":"https:\/\/archive.sana.sy\/tr\/index.php?rest_route=\/wp\/v2\/types\/post"}],"author":[{"embeddable":true,"href":"https:\/\/archive.sana.sy\/tr\/index.php?rest_route=\/wp\/v2\/users\/1"}],"replies":[{"embeddable":true,"href":"https:\/\/archive.sana.sy\/tr\/index.php?rest_route=%2Fwp%2Fv2%2Fcomments&post=239060"}],"version-history":[{"count":0,"href":"https:\/\/archive.sana.sy\/tr\/index.php?rest_route=\/wp\/v2\/posts\/239060\/revisions"}],"wp:featuredmedia":[{"embeddable":true,"href":"https:\/\/archive.sana.sy\/tr\/index.php?rest_route=\/wp\/v2\/media\/239061"}],"wp:attachment":[{"href":"https:\/\/archive.sana.sy\/tr\/index.php?rest_route=%2Fwp%2Fv2%2Fmedia&parent=239060"}],"wp:term":[{"taxonomy":"category","embeddable":true,"href":"https:\/\/archive.sana.sy\/tr\/index.php?rest_route=%2Fwp%2Fv2%2Fcategories&post=239060"},{"taxonomy":"post_tag","embeddable":true,"href":"https:\/\/archive.sana.sy\/tr\/index.php?rest_route=%2Fwp%2Fv2%2Ftags&post=239060"}],"curies":[{"name":"wp","href":"https:\/\/api.w.org\/{rel}","templated":true}]}}