{"id":239064,"date":"2021-07-13T13:33:32","date_gmt":"2021-07-13T10:33:32","guid":{"rendered":"http:\/\/107.6.182.27\/tr\/?p=239064"},"modified":"2021-07-14T08:15:20","modified_gmt":"2021-07-14T05:15:20","slug":"isgalci-turkiyenin-kiraliklari-rakka-ve-halep-kirsalinda-bazi-sivilleri-kacirdi","status":"publish","type":"post","link":"https:\/\/archive.sana.sy\/tr\/?p=239064","title":{"rendered":"\u0130\u015fgalci T\u00fcrkiye&#8217;nin Kiral\u0131klar\u0131 Rakka Ve Halep K\u0131rsal\u0131nda Baz\u0131 Sivilleri Ka\u00e7\u0131rd\u0131"},"content":{"rendered":"<p style=\"text-align: justify;\">RAKKA \u2013 HALEP &#8211; Ter\u00f6r \u00f6rg\u00fctlerinden olu\u015fan i\u015fgalci T\u00fcrkiye&#8217;nin kiral\u0131klar\u0131, Rakka ve Halep&#8217;in kuzey k\u0131rsal\u0131ndaki konu\u015flanma b\u00f6lgelerinde halka kar\u015f\u0131 su\u00e7lar\u0131n\u0131 s\u00fcrd\u00fcrd\u00fc ve \u00e7ok say\u0131da sivili ka\u00e7\u0131rarak serbest b\u0131rak\u0131lmalar\u0131 kar\u015f\u0131l\u0131\u011f\u0131nda ailelerine para \u00f6demeleri i\u00e7in \u015fantaj yapt\u0131lar.<\/p>\n<p style=\"text-align: justify;\">Yerel kaynaklar SANA&#8217;ya verdi\u011fi deme\u00e7te, s\u00f6zde &#8220;\u015eam Cephesi&#8221; adl\u0131 i\u015fgalci T\u00fcrkiye&#8217;nin kiral\u0131klar\u0131n\u0131n Rakka&#8217;n\u0131n kuzey k\u0131rsal\u0131ndaki Tel Abyad kentinden \u00fc\u00e7 sivili ka\u00e7\u0131rarak ailelerine \u015fantaj yapt\u0131\u011f\u0131n\u0131 ve serbest b\u0131rak\u0131lmalar\u0131 kar\u015f\u0131l\u0131\u011f\u0131nda fahi\u015f d\u00fczeyde fidye talep ettiklerini s\u00f6yledi.<\/p>\n<p style=\"text-align: justify;\">Kaynaklar, Halep&#8217;in kuzey k\u0131rsal\u0131nda, yine &#8220;\u015eam Cephesi&#8221;ne ba\u011fl\u0131 kiral\u0131klar\u0131n Raco il\u00e7esi, Afrin b\u00f6lgesi ve Raco nahiyesinde kur\u015fun s\u0131karak halk\u0131, \u00f6zellikle de \u00e7ocuklar\u0131 ve kad\u0131nlar\u0131 y\u0131ld\u0131rma operasyonuna e\u015flik eden bask\u0131nlar d\u00fczenledi\u011fini belirterek, bir sivili ka\u00e7\u0131rd\u0131klar\u0131n\u0131 ve akrabalar\u0131ndan yabanc\u0131 para olarak fidye \u00f6demelerini istemeden \u00f6nce onu bilinmeyen bir yere g\u00f6t\u00fcrd\u00fcklerini dile getirdi.<\/p>\n","protected":false},"excerpt":{"rendered":"<p>RAKKA \u2013 HALEP &#8211; Ter\u00f6r \u00f6rg\u00fctlerinden olu\u015fan i\u015fgalci T\u00fcrkiye&#8217;nin kiral\u0131klar\u0131, Rakka ve Halep&#8217;in kuzey k\u0131rsal\u0131ndaki konu\u015flanma b\u00f6lgelerinde halka kar\u015f\u0131 su\u00e7lar\u0131n\u0131 s\u00fcrd\u00fcrd\u00fc ve \u00e7ok say\u0131da sivili ka\u00e7\u0131rarak serbest b\u0131rak\u0131lmalar\u0131 kar\u015f\u0131l\u0131\u011f\u0131nda ailelerine para \u00f6demeleri i\u00e7in \u015fantaj yapt\u0131lar. Yerel kaynaklar SANA&#8217;ya verdi\u011fi deme\u00e7te, s\u00f6zde &#8220;\u015eam Cephesi&#8221; adl\u0131 i\u015fgalci T\u00fcrkiye&#8217;nin kiral\u0131klar\u0131n\u0131n Rakka&#8217;n\u0131n kuzey k\u0131rsal\u0131ndaki Tel Abyad kentinden \u00fc\u00e7 sivili &hellip;<\/p>\n","protected":false},"author":1,"featured_media":239065,"comment_status":"closed","ping_status":"closed","sticky":false,"template":"","format":"standard","meta":{"footnotes":""},"categories":[479,575,17988,478],"tags":[],"class_list":["post-239064","post","type-post","status-publish","format-standard","has-post-thumbnail","","category-haberler-yerel","category-olaylar-ve-gercekler","category-son-haberler","category-yerel"],"_links":{"self":[{"href":"https:\/\/archive.sana.sy\/tr\/index.php?rest_route=\/wp\/v2\/posts\/239064","targetHints":{"allow":["GET"]}}],"collection":[{"href":"https:\/\/archive.sana.sy\/tr\/index.php?rest_route=\/wp\/v2\/posts"}],"about":[{"href":"https:\/\/archive.sana.sy\/tr\/index.php?rest_route=\/wp\/v2\/types\/post"}],"author":[{"embeddable":true,"href":"https:\/\/archive.sana.sy\/tr\/index.php?rest_route=\/wp\/v2\/users\/1"}],"replies":[{"embeddable":true,"href":"https:\/\/archive.sana.sy\/tr\/index.php?rest_route=%2Fwp%2Fv2%2Fcomments&post=239064"}],"version-history":[{"count":0,"href":"https:\/\/archive.sana.sy\/tr\/index.php?rest_route=\/wp\/v2\/posts\/239064\/revisions"}],"wp:featuredmedia":[{"embeddable":true,"href":"https:\/\/archive.sana.sy\/tr\/index.php?rest_route=\/wp\/v2\/media\/239065"}],"wp:attachment":[{"href":"https:\/\/archive.sana.sy\/tr\/index.php?rest_route=%2Fwp%2Fv2%2Fmedia&parent=239064"}],"wp:term":[{"taxonomy":"category","embeddable":true,"href":"https:\/\/archive.sana.sy\/tr\/index.php?rest_route=%2Fwp%2Fv2%2Fcategories&post=239064"},{"taxonomy":"post_tag","embeddable":true,"href":"https:\/\/archive.sana.sy\/tr\/index.php?rest_route=%2Fwp%2Fv2%2Ftags&post=239064"}],"curies":[{"name":"wp","href":"https:\/\/api.w.org\/{rel}","templated":true}]}}