{"id":239070,"date":"2021-07-13T20:23:49","date_gmt":"2021-07-13T17:23:49","guid":{"rendered":"http:\/\/107.6.182.27\/tr\/?p=239070"},"modified":"2021-07-14T08:15:43","modified_gmt":"2021-07-14T05:15:43","slug":"isgalci-amerikan-ucaklarinin-destegiyle-dsg-milisleri-haseke-kirsalinda-bazi-koyleri-basti","status":"publish","type":"post","link":"https:\/\/archive.sana.sy\/tr\/?p=239070","title":{"rendered":"\u0130\u015fgalci Amerikan U\u00e7aklar\u0131n\u0131n Deste\u011fiyle&#8230; DSG Milisleri Haseke K\u0131rsal\u0131nda Baz\u0131 K\u00f6yleri Bast\u0131"},"content":{"rendered":"<p style=\"text-align: justify;\">HASEKE &#8211; Amerikan i\u015fgal g\u00fc\u00e7leri taraf\u0131ndan desteklenen DSG milisleri \u00a0bu sabah, Haseke&#8217;nin g\u00fcneyindeki \u015eeddadi k\u0131rsal\u0131nda \u00e7ok say\u0131da k\u00f6ye bask\u0131n d\u00fczenlerken, Suriye&#8217;nin el Cezire b\u00f6lgeleri i\u00e7inde i\u015fgal etti\u011fi k\u00f6y ve kasaba sakinlerine y\u00f6nelik bask\u0131c\u0131 uygulamalar\u0131n\u0131 s\u00fcrd\u00fcrd\u00fc ve \u00fc\u00e7 genci ka\u00e7\u0131rd\u0131.<\/p>\n<p style=\"text-align: justify;\">Sivil kaynaklar SANA muhabirine yapt\u0131klar\u0131 a\u00e7\u0131klamalarda: &#8220;DSG&#8221; milislerinin Haseke&#8217;nin g\u00fcney k\u0131rsal\u0131ndaki \u015eeddadi kenti yak\u0131nlar\u0131ndaki Acaca ve Aydan k\u00f6ylerini bast\u0131\u011f\u0131n\u0131, \u00fc\u00e7 genci ka\u00e7\u0131rarak onlar\u0131 safalr\u0131nda sava\u015fmaya ikna etmek amac\u0131yla zorunlu asker toplama kamplar\u0131na g\u00f6t\u00fcrd\u00fc\u011f\u00fcn\u00fc&#8221; s\u00f6yledi<\/p>\n<p style=\"text-align: justify;\">Kaynaklar, &#8220;Bask\u0131nlar\u0131n Amerikan i\u015fgal u\u00e7aklar\u0131n\u0131n yo\u011fun u\u00e7u\u015flar\u0131 ile ayn\u0131 zamana denk geldi\u011fine ve evlerin arand\u0131\u011f\u0131na, s\u00f6z konusu k\u00f6ylerdeki insanlar\u0131n ter\u00f6rize edildi\u011fine&#8221; dikkat \u00e7ektiler.<\/p>\n","protected":false},"excerpt":{"rendered":"<p>HASEKE &#8211; Amerikan i\u015fgal g\u00fc\u00e7leri taraf\u0131ndan desteklenen DSG milisleri \u00a0bu sabah, Haseke&#8217;nin g\u00fcneyindeki \u015eeddadi k\u0131rsal\u0131nda \u00e7ok say\u0131da k\u00f6ye bask\u0131n d\u00fczenlerken, Suriye&#8217;nin el Cezire b\u00f6lgeleri i\u00e7inde i\u015fgal etti\u011fi k\u00f6y ve kasaba sakinlerine y\u00f6nelik bask\u0131c\u0131 uygulamalar\u0131n\u0131 s\u00fcrd\u00fcrd\u00fc ve \u00fc\u00e7 genci ka\u00e7\u0131rd\u0131. Sivil kaynaklar SANA muhabirine yapt\u0131klar\u0131 a\u00e7\u0131klamalarda: &#8220;DSG&#8221; milislerinin Haseke&#8217;nin g\u00fcney k\u0131rsal\u0131ndaki \u015eeddadi kenti yak\u0131nlar\u0131ndaki Acaca ve &hellip;<\/p>\n","protected":false},"author":1,"featured_media":239071,"comment_status":"closed","ping_status":"closed","sticky":false,"template":"","format":"standard","meta":{"footnotes":""},"categories":[479,575,17988,478],"tags":[],"class_list":["post-239070","post","type-post","status-publish","format-standard","has-post-thumbnail","","category-haberler-yerel","category-olaylar-ve-gercekler","category-son-haberler","category-yerel"],"_links":{"self":[{"href":"https:\/\/archive.sana.sy\/tr\/index.php?rest_route=\/wp\/v2\/posts\/239070","targetHints":{"allow":["GET"]}}],"collection":[{"href":"https:\/\/archive.sana.sy\/tr\/index.php?rest_route=\/wp\/v2\/posts"}],"about":[{"href":"https:\/\/archive.sana.sy\/tr\/index.php?rest_route=\/wp\/v2\/types\/post"}],"author":[{"embeddable":true,"href":"https:\/\/archive.sana.sy\/tr\/index.php?rest_route=\/wp\/v2\/users\/1"}],"replies":[{"embeddable":true,"href":"https:\/\/archive.sana.sy\/tr\/index.php?rest_route=%2Fwp%2Fv2%2Fcomments&post=239070"}],"version-history":[{"count":0,"href":"https:\/\/archive.sana.sy\/tr\/index.php?rest_route=\/wp\/v2\/posts\/239070\/revisions"}],"wp:featuredmedia":[{"embeddable":true,"href":"https:\/\/archive.sana.sy\/tr\/index.php?rest_route=\/wp\/v2\/media\/239071"}],"wp:attachment":[{"href":"https:\/\/archive.sana.sy\/tr\/index.php?rest_route=%2Fwp%2Fv2%2Fmedia&parent=239070"}],"wp:term":[{"taxonomy":"category","embeddable":true,"href":"https:\/\/archive.sana.sy\/tr\/index.php?rest_route=%2Fwp%2Fv2%2Fcategories&post=239070"},{"taxonomy":"post_tag","embeddable":true,"href":"https:\/\/archive.sana.sy\/tr\/index.php?rest_route=%2Fwp%2Fv2%2Ftags&post=239070"}],"curies":[{"name":"wp","href":"https:\/\/api.w.org\/{rel}","templated":true}]}}