{"id":239079,"date":"2021-07-13T20:28:37","date_gmt":"2021-07-13T17:28:37","guid":{"rendered":"http:\/\/107.6.182.27\/tr\/?p=239079"},"modified":"2021-07-15T08:11:46","modified_gmt":"2021-07-15T05:11:46","slug":"buyukelci-haddur-zorlayici-yaptirimlar-suriye-hukumetinin-kalkinma-ve-sanayi-sektorunu-ilerletme-cabalarini-engelliyor","status":"publish","type":"post","link":"https:\/\/archive.sana.sy\/tr\/?p=239079","title":{"rendered":"B\u00fcy\u00fckel\u00e7i Haddur: Zorlay\u0131c\u0131 Yapt\u0131r\u0131mlar, Suriye H\u00fck\u00fcmetinin Kalk\u0131nma Ve Sanayi Sekt\u00f6r\u00fcn\u00fc \u0130lerletme \u00c7abalar\u0131n\u0131 Engelliyor"},"content":{"rendered":"<p style=\"text-align: justify;\">V\u0130YANA &#8211; Suriye&#8217;nin Viyana&#8217;daki Birle\u015fmi\u015f Milletler ofisi ve di\u011fer uluslararas\u0131 kurulu\u015flardaki daimi temsilcisi B\u00fcy\u00fckel\u00e7i Dr. Hasan Haddur, Suriye&#8217;ye dayat\u0131lan tek tarafl\u0131 zorlay\u0131c\u0131 ekonomik yapt\u0131r\u0131mlar\u0131n, Suriye&#8217;nin kalk\u0131nma ve sanayi sekt\u00f6r\u00fcn\u00fc ilerletme kabiliyetini baltalad\u0131\u011f\u0131n\u0131 belirtti.<\/p>\n<p style=\"text-align: justify;\">Bug\u00fcn Viyana&#8217;daki Sanayi Kalk\u0131nma Konseyi&#8217;nin 49. d\u00f6nem \u00e7al\u0131\u015fmalar\u0131 s\u0131ras\u0131nda yapt\u0131\u011f\u0131 a\u00e7\u0131klamada B\u00fcy\u00fckel\u00e7i Haddur, ter\u00f6r sava\u015f\u0131 ko\u015fullar\u0131n\u0131n Suriye&#8217;deki t\u00fcm sekt\u00f6rleri, \u00f6zellikle de sanayi sekt\u00f6r\u00fc \u00fczerindeki feci etkilerine i\u015faret ederek, \u015funlar\u0131 kaydetti: &#8220;Sanayi b\u00f6lgelerinin, fabrikalar\u0131n i\u00e7indekileri \u00e7alan ve baz\u0131lar\u0131n\u0131 tahrip eden silahl\u0131 ter\u00f6r \u00f6rg\u00fctleri taraf\u0131ndan defalarca hedef al\u0131nd\u0131\u011f\u0131n\u0131, \u00f6zellikle bir k\u0131sm\u0131n\u0131n kapat\u0131lmas\u0131yla Baz\u0131lar\u0131n\u0131n baz\u0131 kom\u015fu \u00fclkeler taraf\u0131ndan transit ge\u00e7i\u015fi kolayla\u015ft\u0131rmak i\u00e7in kullan\u0131lmas\u0131na ek olarak sabotaj eylemlerinin ve ter\u00f6rist gruplar\u0131n yay\u0131lmas\u0131n\u0131n bir sonucu \u00e7ok say\u0131da s\u0131n\u0131r kap\u0131s\u0131n\u0131n ciddi etkisinin yan\u0131 s\u0131ra, \u00fcretim s\u00fcrecinden kaynaklanan t\u00fcm at\u0131k ar\u0131tma tesisleri kademeli olarak hizmet d\u0131\u015f\u0131 kald\u0131 ve yerel sanayi ve zanaat kurulu\u015flar\u0131n\u0131n say\u0131s\u0131 \u00f6nemli \u00f6l\u00e7\u00fcde azald\u0131&#8221; dedi.<\/p>\n<p style=\"text-align: justify;\"><span style=\"color: #0000ff;\">Suriye H\u00fck\u00fcmeti, Toplumun Ortaya \u00c7\u0131kan \u0130htiya\u00e7lar\u0131n\u0131 Kar\u015f\u0131layan Ve S\u00fcrd\u00fcr\u00fclebilir Kalk\u0131nman\u0131n Gereklilikleri Do\u011frultusunda Gerekli Yasalar\u0131 \u00c7\u0131karm\u0131\u015ft\u0131r<\/span><\/p>\n<p style=\"text-align: justify;\">B\u00fcy\u00fckel\u00e7i Haddur, Suriye h\u00fck\u00fcmetinin daha sonra toplumun ortaya \u00e7\u0131kan ihtiya\u00e7lar\u0131n\u0131 kar\u015f\u0131layan ve s\u00fcrd\u00fcr\u00fclebilir kalk\u0131nman\u0131n gerekleri do\u011frultusunda gerekli yasalar\u0131 \u00e7\u0131kard\u0131\u011f\u0131n\u0131 ve bu durumlar\u0131n olumsuz sonu\u00e7lar\u0131n\u0131 ele almak i\u00e7in se\u00e7kin \u00e7abalar sarf etti\u011fini vurgulad\u0131.<\/p>\n<p style=\"text-align: justify;\">B\u00fcy\u00fckel\u00e7i Haddur, S\u0131nai Kalk\u0131nma \u00d6rg\u00fct\u00fc&#8217;n\u00fcn Suriye h\u00fck\u00fcmetini sanayi sekt\u00f6r\u00fcn\u00fc yeniden in\u015fa etmesi i\u00e7in desteklemede \u00f6zellikle mevcut zorluklar ve engeller \u0131\u015f\u0131\u011f\u0131nda oynayabilece\u011fi destekleyici ve temel rol\u00fcn \u00f6nemini vurgulad\u0131. Ba\u015fta tek tarafl\u0131 zorlay\u0131c\u0131 ekonomik yapt\u0131r\u0131mlardan kaynaklanan olumsuz etkiler olmak \u00fczere \u015fu anda kalk\u0131nmas\u0131n\u0131 engelleyen \u00fclke, \u00f6zellikle end\u00fcstriyel modernizasyon ve kalk\u0131nma alan\u0131nda, \u00fclkenin kalk\u0131nma ve sanayi sekt\u00f6r\u00fcn\u00fc ilerletme kabiliyetini baltalayan taraf, ayn\u0131 zamanda bir bo\u015fluk yaratt\u0131\u011f\u0131n\u0131 s\u00f6yledi.<\/p>\n<p style=\"text-align: justify;\"><span style=\"color: #0000ff;\">Suriye H\u00fck\u00fcmeti, Uluslararas\u0131 Hukuk \u0130lkelerine Ve Birle\u015fmi\u015f Milletler S\u00f6zle\u015fmesi H\u00fck\u00fcmlerine Sayg\u0131ya Dayal\u0131 Adil K\u00fcresel Ortakl\u0131klar Kurmay\u0131 D\u00f6rt G\u00f6zle Bekliyor<\/span><\/p>\n<p style=\"text-align: justify;\">B\u00fcy\u00fckel\u00e7i Haddur, Suriye h\u00fck\u00fcmetinin, Suriye devlet kurumlar\u0131n\u0131n \u00a0ve Suriye&#8217;nin dayat\u0131lan t\u00fcm zorluklar\u0131n \u00fcstesinden gelme \u00e7abalar\u0131n\u0131 desteklemek i\u00e7in, uluslararas\u0131 hukuk ilkelerine ve Birle\u015fmi\u015f Milletler \u015eart\u0131 h\u00fck\u00fcmlerine sayg\u0131ya dayal\u0131 adil k\u00fcresel ortakl\u0131klar kurma arzusunu dile getirerek, Suriye&#8217;ye dayat\u0131lan ter\u00f6r sava\u015f\u0131 y\u0131llar\u0131 ve Corona pandemisinin b\u0131rakt\u0131\u011f\u0131 yeni engeller ve siyasalla\u015fma konusunda s\u00fcrd\u00fcr\u00fclebilir kalk\u0131nma hedeflerine ula\u015fmak istediklerini dile getirdi.<\/p>\n<p style=\"text-align: justify;\">B\u00fcy\u00fckel\u00e7i Haddur, Suriye&#8217;nin Birle\u015fmi\u015f Milletler S\u0131nai Kalk\u0131nma \u00d6rg\u00fct\u00fc ile yak\u0131n i\u015fbirli\u011fine, \u00f6zellikle Suriye end\u00fcstrisinin geli\u015fimini desteklemek i\u00e7in g\u00f6sterdi\u011fi \u00e7abalara b\u00fcy\u00fck \u00f6nem verdi\u011fine dikkat \u00e7ekerek, \u00f6zellikle 2011&#8217;den beri maruz kald\u0131\u011f\u0131 ko\u015fullar \u0131\u015f\u0131\u011f\u0131nda \u00f6rg\u00fct\u00fcn Suriye ile daha fazla \u00e7al\u0131\u015fma ve i\u015fbirli\u011fine girmesi \u00e7a\u011fr\u0131s\u0131nda bulundu.<\/p>\n","protected":false},"excerpt":{"rendered":"<p>V\u0130YANA &#8211; Suriye&#8217;nin Viyana&#8217;daki Birle\u015fmi\u015f Milletler ofisi ve di\u011fer uluslararas\u0131 kurulu\u015flardaki daimi temsilcisi B\u00fcy\u00fckel\u00e7i Dr. Hasan Haddur, Suriye&#8217;ye dayat\u0131lan tek tarafl\u0131 zorlay\u0131c\u0131 ekonomik yapt\u0131r\u0131mlar\u0131n, Suriye&#8217;nin kalk\u0131nma ve sanayi sekt\u00f6r\u00fcn\u00fc ilerletme kabiliyetini baltalad\u0131\u011f\u0131n\u0131 belirtti. Bug\u00fcn Viyana&#8217;daki Sanayi Kalk\u0131nma Konseyi&#8217;nin 49. d\u00f6nem \u00e7al\u0131\u015fmalar\u0131 s\u0131ras\u0131nda yapt\u0131\u011f\u0131 a\u00e7\u0131klamada B\u00fcy\u00fckel\u00e7i Haddur, ter\u00f6r sava\u015f\u0131 ko\u015fullar\u0131n\u0131n Suriye&#8217;deki t\u00fcm sekt\u00f6rleri, \u00f6zellikle de sanayi &hellip;<\/p>\n","protected":false},"author":1,"featured_media":239080,"comment_status":"closed","ping_status":"closed","sticky":false,"template":"","format":"standard","meta":{"footnotes":""},"categories":[458,459,17988],"tags":[],"class_list":["post-239079","post","type-post","status-publish","format-standard","has-post-thumbnail","","category-dunya1","category-haberler-arap-uluslararasi-politika","category-son-haberler"],"_links":{"self":[{"href":"https:\/\/archive.sana.sy\/tr\/index.php?rest_route=\/wp\/v2\/posts\/239079","targetHints":{"allow":["GET"]}}],"collection":[{"href":"https:\/\/archive.sana.sy\/tr\/index.php?rest_route=\/wp\/v2\/posts"}],"about":[{"href":"https:\/\/archive.sana.sy\/tr\/index.php?rest_route=\/wp\/v2\/types\/post"}],"author":[{"embeddable":true,"href":"https:\/\/archive.sana.sy\/tr\/index.php?rest_route=\/wp\/v2\/users\/1"}],"replies":[{"embeddable":true,"href":"https:\/\/archive.sana.sy\/tr\/index.php?rest_route=%2Fwp%2Fv2%2Fcomments&post=239079"}],"version-history":[{"count":0,"href":"https:\/\/archive.sana.sy\/tr\/index.php?rest_route=\/wp\/v2\/posts\/239079\/revisions"}],"wp:featuredmedia":[{"embeddable":true,"href":"https:\/\/archive.sana.sy\/tr\/index.php?rest_route=\/wp\/v2\/media\/239080"}],"wp:attachment":[{"href":"https:\/\/archive.sana.sy\/tr\/index.php?rest_route=%2Fwp%2Fv2%2Fmedia&parent=239079"}],"wp:term":[{"taxonomy":"category","embeddable":true,"href":"https:\/\/archive.sana.sy\/tr\/index.php?rest_route=%2Fwp%2Fv2%2Fcategories&post=239079"},{"taxonomy":"post_tag","embeddable":true,"href":"https:\/\/archive.sana.sy\/tr\/index.php?rest_route=%2Fwp%2Fv2%2Ftags&post=239079"}],"curies":[{"name":"wp","href":"https:\/\/api.w.org\/{rel}","templated":true}]}}