{"id":23915,"date":"2015-02-14T16:13:23","date_gmt":"2015-02-14T14:13:23","guid":{"rendered":"http:\/\/www.sana.sy\/tr\/?p=23915"},"modified":"2015-02-15T12:17:11","modified_gmt":"2015-02-15T10:17:11","slug":"teroristler-basin-ekibine-ates-acti","status":"publish","type":"post","link":"https:\/\/archive.sana.sy\/tr\/?p=23915","title":{"rendered":"Ter\u00f6ristler Bas\u0131n Ekibine Ate\u015f A\u00e7t\u0131"},"content":{"rendered":"<p>DERA \u2013 Dera\u2019daki SANA muhabiri; ter\u00f6ristlerin Dera k\u0131rsal\u0131 Deyr el Ades Beldesinde bas\u0131n ekibine ate\u015f a\u00e7t\u0131klar\u0131n\u0131 aktard\u0131.<\/p>\n<p>Haberde ter\u00f6ristlerin bas\u0131n ekibine direk ve kas\u0131tl\u0131 olarak a\u00e7t\u0131klar\u0131 ate\u015f sonucunda \u0130hbariye (Haber) Kanal\u0131 muhabiri Rebi Diyba ve ekibin teknik eleman\u0131 Muhammed Cemmal\u2019\u0131n hafif yaraland\u0131klar\u0131 bildirildi.<\/p>\n<p>Ordu birliklerimizin birka\u00e7 g\u00fcn \u00f6nce Deyr Ades Beldesini \u0130srail destekli ter\u00f6r \u00e7etelerinden temizlemesi ard\u0131ndan bas\u0131n ekibi beldeye girmi\u015fti.<\/p>\n<p>A.A. \u2013 M.M. &#8211; R.H.<\/p>\n","protected":false},"excerpt":{"rendered":"<p>DERA \u2013 Dera\u2019daki SANA muhabiri; ter\u00f6ristlerin Dera k\u0131rsal\u0131 Deyr el Ades Beldesinde bas\u0131n ekibine ate\u015f a\u00e7t\u0131klar\u0131n\u0131 aktard\u0131. Haberde ter\u00f6ristlerin bas\u0131n ekibine direk ve kas\u0131tl\u0131 olarak a\u00e7t\u0131klar\u0131 ate\u015f sonucunda \u0130hbariye (Haber) Kanal\u0131 muhabiri Rebi Diyba ve ekibin teknik eleman\u0131 Muhammed Cemmal\u2019\u0131n hafif yaraland\u0131klar\u0131 bildirildi. Ordu birliklerimizin birka\u00e7 g\u00fcn \u00f6nce Deyr Ades Beldesini \u0130srail destekli ter\u00f6r \u00e7etelerinden &hellip;<\/p>\n","protected":false},"author":1,"featured_media":23965,"comment_status":"closed","ping_status":"closed","sticky":false,"template":"","format":"standard","meta":{"footnotes":""},"categories":[479,575,478],"tags":[11521,11520],"class_list":["post-23915","post","type-post","status-publish","format-standard","has-post-thumbnail","","category-haberler-yerel","category-olaylar-ve-gercekler","category-yerel","tag-dera-deradaki-sana-muhabiri-teroristlerin-dera-kirsali-deyr-el-ades-beldesinde-basin-ekibine-ates-actiklarini-aktardi","tag-teroristler-basin-ekibine-ates-acti"],"_links":{"self":[{"href":"https:\/\/archive.sana.sy\/tr\/index.php?rest_route=\/wp\/v2\/posts\/23915","targetHints":{"allow":["GET"]}}],"collection":[{"href":"https:\/\/archive.sana.sy\/tr\/index.php?rest_route=\/wp\/v2\/posts"}],"about":[{"href":"https:\/\/archive.sana.sy\/tr\/index.php?rest_route=\/wp\/v2\/types\/post"}],"author":[{"embeddable":true,"href":"https:\/\/archive.sana.sy\/tr\/index.php?rest_route=\/wp\/v2\/users\/1"}],"replies":[{"embeddable":true,"href":"https:\/\/archive.sana.sy\/tr\/index.php?rest_route=%2Fwp%2Fv2%2Fcomments&post=23915"}],"version-history":[{"count":0,"href":"https:\/\/archive.sana.sy\/tr\/index.php?rest_route=\/wp\/v2\/posts\/23915\/revisions"}],"wp:featuredmedia":[{"embeddable":true,"href":"https:\/\/archive.sana.sy\/tr\/index.php?rest_route=\/wp\/v2\/media\/23965"}],"wp:attachment":[{"href":"https:\/\/archive.sana.sy\/tr\/index.php?rest_route=%2Fwp%2Fv2%2Fmedia&parent=23915"}],"wp:term":[{"taxonomy":"category","embeddable":true,"href":"https:\/\/archive.sana.sy\/tr\/index.php?rest_route=%2Fwp%2Fv2%2Fcategories&post=23915"},{"taxonomy":"post_tag","embeddable":true,"href":"https:\/\/archive.sana.sy\/tr\/index.php?rest_route=%2Fwp%2Fv2%2Ftags&post=23915"}],"curies":[{"name":"wp","href":"https:\/\/api.w.org\/{rel}","templated":true}]}}