{"id":23918,"date":"2015-02-14T19:57:41","date_gmt":"2015-02-14T17:57:41","guid":{"rendered":"http:\/\/www.sana.sy\/tr\/?p=23918"},"modified":"2015-02-14T20:06:46","modified_gmt":"2015-02-14T18:06:46","slug":"kaideciler-musluman-kardeslerin-kendisidir","status":"publish","type":"post","link":"https:\/\/archive.sana.sy\/tr\/?p=23918","title":{"rendered":"Kaideciler M\u00fcsl\u00fcman Karde\u015flerin Kendisidir"},"content":{"rendered":"<p>PRAG \u2013 \u00c7ek Ba\u015fkan\u0131 Milos Ziman, M\u00fcsl\u00fcman Karde\u015fler cemaatinin uluslararas\u0131 ter\u00f6r\u00fc kucaklayan \u00f6rg\u00fct oldu\u011funu belirtti.<\/p>\n<p>Ziman bug\u00fcn yapt\u0131\u011f\u0131 a\u00e7\u0131klamada Kaide ter\u00f6r \u00f6rg\u00fct\u00fc \u00fcyelerinin de ayn\u0131 zamanda ter\u00f6rist M\u00fcsl\u00fcman karde\u015fler hareketindeki \u00fcyeler olduklar\u0131na dikkat \u00e7ekti.<\/p>\n<p>\u00d6te yandan \u00c7ek D\u0131\u015fi\u015fleri Bakan\u0131 Lubomir Zauralek, bat\u0131 tarihinin y\u00fczlerce y\u0131l boyunca G\u00fcney Amerika ve di\u011fer \u00fclkelerde az\u0131nl\u0131klara kar\u015f\u0131 d\u00fczenledikleri sald\u0131r\u0131 ve uygulamalarla tasfiyeler yoluyla kanla dolu oldu\u011funu s\u00f6yledi.<\/p>\n<p>\u00c7ek meclisinde yapt\u0131\u011f\u0131 m\u00fcdahalede Zauralik, ge\u00e7en y\u00fczy\u0131lda on milyonlarca insan\u0131n \u00f6l\u00fcm\u00fcne neden olan 2 d\u00fcnya sava\u015f\u0131n\u0131n \u00e7\u0131kmas\u0131 sorumlulu\u011funu bat\u0131n\u0131n ma\u011frur uygulamalar\u0131na y\u00fckledi.<\/p>\n<p>S.\u015e. &#8211; M.M.<\/p>\n","protected":false},"excerpt":{"rendered":"<p>PRAG \u2013 \u00c7ek Ba\u015fkan\u0131 Milos Ziman, M\u00fcsl\u00fcman Karde\u015fler cemaatinin uluslararas\u0131 ter\u00f6r\u00fc kucaklayan \u00f6rg\u00fct oldu\u011funu belirtti. Ziman bug\u00fcn yapt\u0131\u011f\u0131 a\u00e7\u0131klamada Kaide ter\u00f6r \u00f6rg\u00fct\u00fc \u00fcyelerinin de ayn\u0131 zamanda ter\u00f6rist M\u00fcsl\u00fcman karde\u015fler hareketindeki \u00fcyeler olduklar\u0131na dikkat \u00e7ekti. \u00d6te yandan \u00c7ek D\u0131\u015fi\u015fleri Bakan\u0131 Lubomir Zauralek, bat\u0131 tarihinin y\u00fczlerce y\u0131l boyunca G\u00fcney Amerika ve di\u011fer \u00fclkelerde az\u0131nl\u0131klara kar\u015f\u0131 d\u00fczenledikleri sald\u0131r\u0131 &hellip;<\/p>\n","protected":false},"author":1,"featured_media":23919,"comment_status":"closed","ping_status":"closed","sticky":false,"template":"","format":"standard","meta":{"footnotes":""},"categories":[458,459,447],"tags":[11522,11524,11523],"class_list":["post-23918","post","type-post","status-publish","format-standard","has-post-thumbnail","","category-dunya1","category-haberler-arap-uluslararasi-politika","category-politika","tag-kaideciler-musluman-kardeslerin-kendisidir","tag-musluman-kardesler-cemaatinin-uluslararasi-teroru-kucaklayan-orgut-oldugunu-belirtti","tag-prag-cek-baskani-milos-ziman"],"_links":{"self":[{"href":"https:\/\/archive.sana.sy\/tr\/index.php?rest_route=\/wp\/v2\/posts\/23918","targetHints":{"allow":["GET"]}}],"collection":[{"href":"https:\/\/archive.sana.sy\/tr\/index.php?rest_route=\/wp\/v2\/posts"}],"about":[{"href":"https:\/\/archive.sana.sy\/tr\/index.php?rest_route=\/wp\/v2\/types\/post"}],"author":[{"embeddable":true,"href":"https:\/\/archive.sana.sy\/tr\/index.php?rest_route=\/wp\/v2\/users\/1"}],"replies":[{"embeddable":true,"href":"https:\/\/archive.sana.sy\/tr\/index.php?rest_route=%2Fwp%2Fv2%2Fcomments&post=23918"}],"version-history":[{"count":0,"href":"https:\/\/archive.sana.sy\/tr\/index.php?rest_route=\/wp\/v2\/posts\/23918\/revisions"}],"wp:featuredmedia":[{"embeddable":true,"href":"https:\/\/archive.sana.sy\/tr\/index.php?rest_route=\/wp\/v2\/media\/23919"}],"wp:attachment":[{"href":"https:\/\/archive.sana.sy\/tr\/index.php?rest_route=%2Fwp%2Fv2%2Fmedia&parent=23918"}],"wp:term":[{"taxonomy":"category","embeddable":true,"href":"https:\/\/archive.sana.sy\/tr\/index.php?rest_route=%2Fwp%2Fv2%2Fcategories&post=23918"},{"taxonomy":"post_tag","embeddable":true,"href":"https:\/\/archive.sana.sy\/tr\/index.php?rest_route=%2Fwp%2Fv2%2Ftags&post=23918"}],"curies":[{"name":"wp","href":"https:\/\/api.w.org\/{rel}","templated":true}]}}